{"id":136438,"date":"2024-03-27T20:04:45","date_gmt":"2024-03-27T23:04:45","guid":{"rendered":"https:\/\/centraldeportes.com.ar\/?p=48926"},"modified":"2025-02-13T16:51:51","modified_gmt":"2025-02-13T19:51:51","slug":"juani-barbieri-sumo-otra-titularidad-en-armenio","status":"publish","type":"post","link":"https:\/\/cdnoticias.com\/index.php\/2024\/03\/27\/juani-barbieri-sumo-otra-titularidad-en-armenio\/","title":{"rendered":"\u201cJuani\u201d Barbieri sum\u00f3 otra titularidad en Armenio"},"content":{"rendered":"<p>Fue por la 8\u00b0 fecha de la B \u201cMetro\u201d, donde el elenco de Ingeniero Maschwitz logr\u00f3 llevarse un punto en su viaje a Campana.<!--more--><\/p>\n<hr \/>\n<p>A falta de un encuentro para completar la jornada, este mi\u00e9rcoles prosigui\u00f3 el octavo cap\u00edtulo del <strong>Torneo Apertura de la B Metropolitana<\/strong> y fue con la presencia de Juan Ignacio Barbieri.<\/p>\n<p>&nbsp;<\/p>\n<p>El atacante olavarriense, titular en el equipo comandado por Cristian Tula, enfrent\u00f3 a Villa D\u00e1lmine en condici\u00f3n de visitante y logr\u00f3 completar los 90&#8242; reglamentarios.<\/p>\n<p>&nbsp;<\/p>\n<p>El \u201cTricolor\u201d comenz\u00f3 ganando con gol de Tom\u00e1s Sayago, pero \u201cEl Viola\u201d, con gol de Santiago Prim, sell\u00f3 el <strong>1 a 1<\/strong> definitivo en el El Coliseo de Mitre y Puccini.<\/p>\n<p>&nbsp;<\/p>\n<p>Con este resultado, <strong>Armenio se ubica 13\u00b0 en la tabla de posiciones con 11 unidades<\/strong> y en la pr\u00f3xima fecha volver\u00e1 a jugar de visitante, esta vez frente a Comunicaciones.<\/p>\n<p>&nbsp;<\/p>\n<p><em><strong>Foto: Nair Safenraiter \/\/ @naisafenph.<\/strong><\/em><\/p>\n","protected":false},"excerpt":{"rendered":"<p>Fue por la 8\u00b0 fecha de la B \u201cMetro\u201d, donde el elenco de Ingeniero Maschwitz logr\u00f3 llevarse un punto en<\/p>\n","protected":false},"author":96739694,"featured_media":160228,"comment_status":"closed","ping_status":"closed","sticky":false,"template":"","format":"standard","meta":{"_jetpack_memberships_contains_paid_content":false,"footnotes":""},"categories":[37,1],"tags":[],"class_list":["post-136438","post","type-post","status-publish","format-standard","has-post-thumbnail","hentry","category-futbol-profesional","category-portada"],"jetpack_featured_media_url":"https:\/\/i0.wp.com\/cdnoticias.com\/wp-content\/uploads\/2024\/03\/Barbieri-Armenio-B-Metro-Fecha-8.jpg?fit=1000%2C666&ssl=1","jetpack_sharing_enabled":true,"_links":{"self":[{"href":"https:\/\/cdnoticias.com\/index.php\/wp-json\/wp\/v2\/posts\/136438","targetHints":{"allow":["GET"]}}],"collection":[{"href":"https:\/\/cdnoticias.com\/index.php\/wp-json\/wp\/v2\/posts"}],"about":[{"href":"https:\/\/cdnoticias.com\/index.php\/wp-json\/wp\/v2\/types\/post"}],"author":[{"embeddable":true,"href":"https:\/\/cdnoticias.com\/index.php\/wp-json\/wp\/v2\/users\/96739694"}],"replies":[{"embeddable":true,"href":"https:\/\/cdnoticias.com\/index.php\/wp-json\/wp\/v2\/comments?post=136438"}],"version-history":[{"count":0,"href":"https:\/\/cdnoticias.com\/index.php\/wp-json\/wp\/v2\/posts\/136438\/revisions"}],"wp:featuredmedia":[{"embeddable":true,"href":"https:\/\/cdnoticias.com\/index.php\/wp-json\/wp\/v2\/media\/160228"}],"wp:attachment":[{"href":"https:\/\/cdnoticias.com\/index.php\/wp-json\/wp\/v2\/media?parent=136438"}],"wp:term":[{"taxonomy":"category","embeddable":true,"href":"https:\/\/cdnoticias.com\/index.php\/wp-json\/wp\/v2\/categories?post=136438"},{"taxonomy":"post_tag","embeddable":true,"href":"https:\/\/cdnoticias.com\/index.php\/wp-json\/wp\/v2\/tags?post=136438"}],"curies":[{"name":"wp","href":"https:\/\/api.w.org\/{rel}","templated":true}]}}