{"id":136436,"date":"2024-03-27T17:25:12","date_gmt":"2024-03-27T20:25:12","guid":{"rendered":"https:\/\/centraldeportes.com.ar\/?p=48910"},"modified":"2025-02-13T16:51:55","modified_gmt":"2025-02-13T19:51:55","slug":"jovenes-ciclistas-recibieron-becas-desde-la-municipalidad-de-olavarria","status":"publish","type":"post","link":"https:\/\/cdnoticias.com\/index.php\/2024\/03\/27\/jovenes-ciclistas-recibieron-becas-desde-la-municipalidad-de-olavarria\/","title":{"rendered":"J\u00f3venes ciclistas recibieron becas desde la Municipalidad de Olavarr\u00eda"},"content":{"rendered":"<p>D\u00edas atr\u00e1s y luego de la participaci\u00f3n de ciclistas olavarrienses en el Campeonato Argentino de las categor\u00edas Menores y Junior, la Municipalidad de Olavarr\u00eda hizo entrega de subsidios.<!--more--><\/p>\n<hr \/>\n<p>A trav\u00e9s de la Subsecretar\u00eda de Deportes y pensando en el desarrollo y la actividad de los deportistas, se realiz\u00f3\u00a0 la entrega de subsidios a ciclistas olavarrienses que compitieron en Rafaela en el \u00faltimo certamen nacional.<\/p>\n<p>&nbsp;<\/p>\n<p>El encuentro, que se desarroll\u00f3 en la tarde del \u00faltimo jueves, en el Sal\u00f3n Blanco del Palacio Municipal, estuvo encabezado por el subsecretario de Deportes Juan Pablo Arouxet y el director de Gesti\u00f3n Deportiva, el licenciado Enzo Jarrie. Se cont\u00f3 con la presencia de integrantes de la Federaci\u00f3n Ciclista Olavarr\u00eda Centro, liderados por su presidente Adalberto Goyeneche, ciclistas locales y personas de su v\u00ednculo m\u00e1s cercano.<\/p>\n<p>&nbsp;<\/p>\n<p>Bautista Vales, Adri\u00e1n Castro, Santiago Erripa, Bautista Sequeira, Diego Castro, Pedro Rojas y Charo Posse fueron qui\u00e9nes resultaron beneficiarios de la beca.<\/p>\n","protected":false},"excerpt":{"rendered":"<p>D\u00edas atr\u00e1s y luego de la participaci\u00f3n de ciclistas olavarrienses en el Campeonato Argentino de las categor\u00edas Menores y Junior,<\/p>\n","protected":false},"author":96739694,"featured_media":160237,"comment_status":"closed","ping_status":"closed","sticky":false,"template":"","format":"standard","meta":{"_jetpack_memberships_contains_paid_content":false,"footnotes":""},"categories":[30,1],"tags":[],"class_list":["post-136436","post","type-post","status-publish","format-standard","has-post-thumbnail","hentry","category-polideportivo","category-portada"],"jetpack_featured_media_url":"https:\/\/i0.wp.com\/cdnoticias.com\/wp-content\/uploads\/2024\/03\/WhatsApp-Image-2024-03-22-at-10.39.59.jpeg?fit=1600%2C1200&ssl=1","jetpack_sharing_enabled":true,"_links":{"self":[{"href":"https:\/\/cdnoticias.com\/index.php\/wp-json\/wp\/v2\/posts\/136436","targetHints":{"allow":["GET"]}}],"collection":[{"href":"https:\/\/cdnoticias.com\/index.php\/wp-json\/wp\/v2\/posts"}],"about":[{"href":"https:\/\/cdnoticias.com\/index.php\/wp-json\/wp\/v2\/types\/post"}],"author":[{"embeddable":true,"href":"https:\/\/cdnoticias.com\/index.php\/wp-json\/wp\/v2\/users\/96739694"}],"replies":[{"embeddable":true,"href":"https:\/\/cdnoticias.com\/index.php\/wp-json\/wp\/v2\/comments?post=136436"}],"version-history":[{"count":0,"href":"https:\/\/cdnoticias.com\/index.php\/wp-json\/wp\/v2\/posts\/136436\/revisions"}],"wp:featuredmedia":[{"embeddable":true,"href":"https:\/\/cdnoticias.com\/index.php\/wp-json\/wp\/v2\/media\/160237"}],"wp:attachment":[{"href":"https:\/\/cdnoticias.com\/index.php\/wp-json\/wp\/v2\/media?parent=136436"}],"wp:term":[{"taxonomy":"category","embeddable":true,"href":"https:\/\/cdnoticias.com\/index.php\/wp-json\/wp\/v2\/categories?post=136436"},{"taxonomy":"post_tag","embeddable":true,"href":"https:\/\/cdnoticias.com\/index.php\/wp-json\/wp\/v2\/tags?post=136436"}],"curies":[{"name":"wp","href":"https:\/\/api.w.org\/{rel}","templated":true}]}}