{"id":136426,"date":"2024-03-26T00:28:00","date_gmt":"2024-03-26T03:28:00","guid":{"rendered":"https:\/\/centraldeportes.com.ar\/?p=48861"},"modified":"2025-02-13T16:52:10","modified_gmt":"2025-02-13T19:52:10","slug":"riciutti-benglia-y-marotta-festejaron-en-la-primera-del-ano","status":"publish","type":"post","link":"https:\/\/cdnoticias.com\/index.php\/2024\/03\/26\/riciutti-benglia-y-marotta-festejaron-en-la-primera-del-ano\/","title":{"rendered":"Riciutti, Benglia y Marotta festejaron en la primera del a\u00f1o"},"content":{"rendered":"<p>El \u201cHnos. Emiliozzi\u201d recibi\u00f3 a las categor\u00edas de APPS para la primera fecha del campeonato 2024. Esteban Riciutti en la Monomarca, Mart\u00edn Benaglia en la Promocional y Leo Marotta en la Gol, comenzaron con triunfos.<\/p>\n<p><!--more--><\/p>\n<hr \/>\n<p>Gran jornada automovil\u00edstica se desarroll\u00f3 este domingo en el Amco, en la apertura del torneo de las categor\u00edas de APPS, que se iba a disputar en \u201cLa Bota\u201d, pero por la lluvia de los \u00faltimos d\u00edas se realiz\u00f3 un enroque con la cuarta fecha que le correspond\u00eda al \u201cHermanos Emiliozzi\u201d.<\/p>\n<p>&nbsp;<\/p>\n<p>El p\u00fablico pudo disfrutar de muy buenos espect\u00e1culos en pista, en una jornada agradable en lo clim\u00e1tico que contribuy\u00f3 a que el aut\u00f3dromo tuviera una buena presencia de espectadores.<\/p>\n<p>&nbsp;<\/p>\n<p>La primera final en disputarse fue la de la Monomarca, en donde Esteban Riciutti se llev\u00f3 una carrera que ten\u00eda a varios candidatos a la victoria. Fue una carrera interesante con varios intercambios en la punta, pero finalmente Riciutti prevaleci\u00f3 por sobre Gabriel Melian y Nicol\u00e1s Rojas, que lo escoltaron en el podio.<\/p>\n<p>&nbsp;<\/p>\n<p>Leopoldo Cirioli hizo una buena carrera y se logr\u00f3 recuperar para terminar cuarto, cuando podr\u00eda haber sido otro de los candidatos al triunfo. Quinto arrib\u00f3 Mart\u00edn Collodoro, sexto fue Facundo \u00c1lvarez, s\u00e9ptimo Emiliano Juez, octavo Facundo Cardone, noveno Carlos Rom\u00e1n y d\u00e9cimo Pablo Demateo.<\/p>\n<p>&nbsp;<\/p>\n<p>[soliloquy id=&#8221;48846&#8243;]<\/p>\n<p>&nbsp;<\/p>\n<p>Mart\u00edn Benaglia se qued\u00f3 con la victoria en la Promocional, en esta categor\u00eda tambi\u00e9n fueron varios los candidatos y por distintas circunstancias fueron perdiendo terreno.<\/p>\n<p>&nbsp;<\/p>\n<p>Los metros finales mostraron una gran definici\u00f3n y pese a los intentos de Leo Gelso, Benaglia se afirm\u00f3 en la punta para comenzar el a\u00f1o ganando. Muy cerca vio la bandera a cuadros Gelso y detr\u00e1s Bernardo Fucci que se mantuvo a la expectativa y era otro de los serios candidatos al triunfo.<\/p>\n<p>&nbsp;<\/p>\n<p>Cuarto arrib\u00f3 Brian Stracquadaini, quinto Diego Tartuferi, sexto Manuel Mentasty, s\u00e9ptimo Gustavo Pendas, octavo Benjam\u00edn Latorre, noveno Ariel Eyherart y d\u00e9cimo Walter Peralta.<\/p>\n<p>&nbsp;<\/p>\n<p>Por \u00faltimo, la Copa VW Gol disput\u00f3 su primera final de la temporada y Leo Marotta se qued\u00f3 con la final en un desenlace muy ajustado con Agust\u00edn Gelso, cruzaron juntos la l\u00ednea de meta pero el sensor marc\u00f3 la primera ubicaci\u00f3n a favor de Marotta.<\/p>\n<p>&nbsp;<\/p>\n<p>Tercero en pista fue Lucas Errobidart, pero fue excluido en la t\u00e9cnica, por lo que Eddie Leonetti hered\u00f3 el \u00faltimo escal\u00f3n del podio. Cuarto fue Pablo Coniglio, quinto Juanjo Martinelli y sexto Leandro Palermo.<\/p>\n<p>&nbsp;<\/p>\n<p>La pr\u00f3xima fecha ser\u00e1 el 21 de abril en el circuito de Azul.<\/p>\n","protected":false},"excerpt":{"rendered":"<p>El \u201cHnos. Emiliozzi\u201d recibi\u00f3 a las categor\u00edas de APPS para la primera fecha del campeonato 2024. Esteban Riciutti en la<\/p>\n","protected":false},"author":96739694,"featured_media":160264,"comment_status":"closed","ping_status":"closed","sticky":false,"template":"","format":"standard","meta":{"_jetpack_memberships_contains_paid_content":false,"footnotes":""},"categories":[51,34,1],"tags":[],"class_list":["post-136426","post","type-post","status-publish","format-standard","has-post-thumbnail","hentry","category-apps","category-automovilismo","category-portada"],"jetpack_featured_media_url":"https:\/\/i0.wp.com\/cdnoticias.com\/wp-content\/uploads\/2024\/03\/apps-4.jpg?fit=1280%2C853&ssl=1","jetpack_sharing_enabled":true,"_links":{"self":[{"href":"https:\/\/cdnoticias.com\/index.php\/wp-json\/wp\/v2\/posts\/136426","targetHints":{"allow":["GET"]}}],"collection":[{"href":"https:\/\/cdnoticias.com\/index.php\/wp-json\/wp\/v2\/posts"}],"about":[{"href":"https:\/\/cdnoticias.com\/index.php\/wp-json\/wp\/v2\/types\/post"}],"author":[{"embeddable":true,"href":"https:\/\/cdnoticias.com\/index.php\/wp-json\/wp\/v2\/users\/96739694"}],"replies":[{"embeddable":true,"href":"https:\/\/cdnoticias.com\/index.php\/wp-json\/wp\/v2\/comments?post=136426"}],"version-history":[{"count":0,"href":"https:\/\/cdnoticias.com\/index.php\/wp-json\/wp\/v2\/posts\/136426\/revisions"}],"wp:featuredmedia":[{"embeddable":true,"href":"https:\/\/cdnoticias.com\/index.php\/wp-json\/wp\/v2\/media\/160264"}],"wp:attachment":[{"href":"https:\/\/cdnoticias.com\/index.php\/wp-json\/wp\/v2\/media?parent=136426"}],"wp:term":[{"taxonomy":"category","embeddable":true,"href":"https:\/\/cdnoticias.com\/index.php\/wp-json\/wp\/v2\/categories?post=136426"},{"taxonomy":"post_tag","embeddable":true,"href":"https:\/\/cdnoticias.com\/index.php\/wp-json\/wp\/v2\/tags?post=136426"}],"curies":[{"name":"wp","href":"https:\/\/api.w.org\/{rel}","templated":true}]}}