{"id":136402,"date":"2024-03-20T22:02:29","date_gmt":"2024-03-21T01:02:29","guid":{"rendered":"https:\/\/centraldeportes.com.ar\/?p=48686"},"modified":"2025-02-12T23:43:53","modified_gmt":"2025-02-13T02:43:53","slug":"bataracito-2024-todo-listo-para-el-puntapie-inicial","status":"publish","type":"post","link":"https:\/\/cdnoticias.com\/index.php\/2024\/03\/20\/bataracito-2024-todo-listo-para-el-puntapie-inicial\/","title":{"rendered":"Bataracito 2024: Todo listo para el puntapi\u00e9 inicial"},"content":{"rendered":"<p>A menos de dos d\u00edas del comienzo de la d\u00e9cima edici\u00f3n del Bataracito, se realiz\u00f3 el lanzamiento oficial.<!--more--><\/p>\n<hr \/>\n<p>Staff del v\u00f3ley \u201calbinegro\u201d, junto al presidente de Estudiantes Emilio Incaurgarat y Enzo Jarrie, director de Gesti\u00f3n Deportiva de la Municipalidad, realizaron este mi\u00e9rcoles el lanzamiento oficial de la competencia que reunir\u00e1 a m\u00e1s de 700 deportistas de toda la provincia.<\/p>\n<p>&nbsp;<\/p>\n<p>El Bataracito se desarrollar\u00e1 desde el viernes al domingo en los tres gimnasios del Paque Guerrero donde se dispondr\u00e1n siete canchas, m\u00e1s dos fuera del Club, donde se har\u00e1n presentes m\u00e1s de 60 equipos.<\/p>\n<p>&nbsp;<\/p>\n<p>\u201c<em>Para nosotros es un honor acompa\u00f1ar, sabemos el prestigio que tiene, la cantidad de chicos que van a venir a participar y que es un Torneo fuerte en la regi\u00f3n<\/em>\u201d, sostuvo el funcionario municipal.<\/p>\n<p>&nbsp;<\/p>\n<p>En tanto, Emilio Incaurgarat afirm\u00f3: \u201c<em>El evento se mide por lo que es, el Club est\u00e1 totalmente copado y nosotros estamos acostumbrados a un espect\u00e1culo digno de ver y est\u00e1 tan bien hecho que nos quedamos tranquilos. El Bataracito tiene un nombre diminutivo en el club porque en realidad es un \u201cBatarazo\u201d donde todos estamos felices<\/em>\u201d.<\/p>\n<p>&nbsp;<\/p>\n<p>Por \u00faltimo, desde la Subcomisi\u00f3n de V\u00f3ley representada por Guillermo Ducuing afirmaron: \u201c<em>Es un Torneo muy grande en donde cuidamos todos los detalles desde la competencia, la presentaci\u00f3n de las canchas, la alimentaci\u00f3n, la cuesti\u00f3n sanitaria y que han hecho que en diez a\u00f1os haya crecido de esta manera. Tenemos un staff completo que acompa\u00f1a todo el v\u00f3ley del club en general. Estamos muy motivados y tranquilos a la vez, pero con el estr\u00e9s de que salga todo bien, a todos nos genera un sentimiento muy especial<\/em>\u201d.<\/p>\n","protected":false},"excerpt":{"rendered":"<p>A menos de dos d\u00edas del comienzo de la d\u00e9cima edici\u00f3n del Bataracito, se realiz\u00f3 el lanzamiento oficial.<\/p>\n","protected":false},"author":96739694,"featured_media":160171,"comment_status":"closed","ping_status":"closed","sticky":false,"template":"","format":"standard","meta":{"_jetpack_memberships_contains_paid_content":false,"footnotes":""},"categories":[30,1],"tags":[],"class_list":["post-136402","post","type-post","status-publish","format-standard","has-post-thumbnail","hentry","category-polideportivo","category-portada"],"jetpack_featured_media_url":"https:\/\/i0.wp.com\/cdnoticias.com\/wp-content\/uploads\/2024\/03\/WhatsApp-Image-2024-03-20-at-20.02.00-e1710979287463.jpeg?fit=2560%2C1386&ssl=1","jetpack_sharing_enabled":true,"_links":{"self":[{"href":"https:\/\/cdnoticias.com\/index.php\/wp-json\/wp\/v2\/posts\/136402","targetHints":{"allow":["GET"]}}],"collection":[{"href":"https:\/\/cdnoticias.com\/index.php\/wp-json\/wp\/v2\/posts"}],"about":[{"href":"https:\/\/cdnoticias.com\/index.php\/wp-json\/wp\/v2\/types\/post"}],"author":[{"embeddable":true,"href":"https:\/\/cdnoticias.com\/index.php\/wp-json\/wp\/v2\/users\/96739694"}],"replies":[{"embeddable":true,"href":"https:\/\/cdnoticias.com\/index.php\/wp-json\/wp\/v2\/comments?post=136402"}],"version-history":[{"count":0,"href":"https:\/\/cdnoticias.com\/index.php\/wp-json\/wp\/v2\/posts\/136402\/revisions"}],"wp:featuredmedia":[{"embeddable":true,"href":"https:\/\/cdnoticias.com\/index.php\/wp-json\/wp\/v2\/media\/160171"}],"wp:attachment":[{"href":"https:\/\/cdnoticias.com\/index.php\/wp-json\/wp\/v2\/media?parent=136402"}],"wp:term":[{"taxonomy":"category","embeddable":true,"href":"https:\/\/cdnoticias.com\/index.php\/wp-json\/wp\/v2\/categories?post=136402"},{"taxonomy":"post_tag","embeddable":true,"href":"https:\/\/cdnoticias.com\/index.php\/wp-json\/wp\/v2\/tags?post=136402"}],"curies":[{"name":"wp","href":"https:\/\/api.w.org\/{rel}","templated":true}]}}