{"id":136396,"date":"2024-03-20T15:04:40","date_gmt":"2024-03-20T18:04:40","guid":{"rendered":"https:\/\/centraldeportes.com.ar\/?p=48647"},"modified":"2025-02-12T23:44:00","modified_gmt":"2025-02-13T02:44:00","slug":"el-centro-madre-teresa-de-calcuta-recibio-la-recaudacion-de-la-14-mtb-kinewn","status":"publish","type":"post","link":"https:\/\/cdnoticias.com\/index.php\/2024\/03\/20\/el-centro-madre-teresa-de-calcuta-recibio-la-recaudacion-de-la-14-mtb-kinewn\/","title":{"rendered":"El Centro Madre Teresa de Calcuta recibi\u00f3 la recaudaci\u00f3n de la 14\u00b0 MTB Ki\u00f1ewn"},"content":{"rendered":"<p>El Centro de Adaptaci\u00f3n Laboral Madre Teresa de Calcuta, de la localidad de Loma Negra, recibi\u00f3 el cheque simb\u00f3lico de la recaudaci\u00f3n de la 14\u00b0 MTB Ki\u00f1ewn, que d\u00edas atr\u00e1s se realiz\u00f3 en el balneario de Colonia San Miguel, con el acompa\u00f1amiento del Municipio de Olavarr\u00eda.<!--more--><\/p>\n<hr \/>\n<p>La actividad se desarroll\u00f3 en la sede del Centro Madre Teresa de Calcuta, donde pudo verse a integrantes de la comunidad educativa, tanto directivos como plantel docente y alumnos.<\/p>\n<p>&nbsp;<\/p>\n<p>En representaci\u00f3n del Municipio concurri\u00f3 el director de Gesti\u00f3n Deportiva, Enzo Jarrie. Tambi\u00e9n dijeron presente referentes e integrantes de Ki\u00f1ewn, la agrupaci\u00f3n de ciclistas de Olavarr\u00eda que desde hace ya m\u00e1s de una d\u00e9cada se encuentra al frente de este evento deportivo y solidario que se ha consolidado como una de las pruebas m\u00e1s concurridas y reconocidas del calendario.<\/p>\n<p>&nbsp;<\/p>\n<p>\u201c<em>Primero, felicitarlos. Ustedes fueron el primer evento que nos pusimos a trabajar cuando iniciamos como gesti\u00f3n. Es algo muy importante, que trasciende las diferentes gestiones municipales, ya es p\u00fablica, ya es de la comunidad. Esta carrera, como ustedes dicen, ya qued\u00f3 para la comunidad<\/em>\u201d, enfatiz\u00f3 Jarrie.<\/p>\n<p>&nbsp;<\/p>\n<p>En ese sentido puntualiz\u00f3 que el rol y la funci\u00f3n a desplegar desde el Municipio es la de apoyo, la de soporte, m\u00e1s en un evento de estas caracter\u00edsticas, que adem\u00e1s de lo deportivo persigue tambi\u00e9n un fin ben\u00e9fico.<\/p>\n<p>&nbsp;<\/p>\n<p>Jos\u00e9 Luis Sal\u00edas, en representaci\u00f3n de Ki\u00f1ewn entreg\u00f3 el cheque simb\u00f3lico con una recaudaci\u00f3n $1.820.000 pesos. \u201c<strong><em>Duplicamos la recaudaci\u00f3n del a\u00f1o pasado, que sea lo mejor para ustedes<\/em><\/strong>\u201d, celebr\u00f3 y agradeci\u00f3 tambi\u00e9n a todas las personas involucradas en la realizaci\u00f3n del evento porque \u201c<em>hemos trabajado con mucha libertad y con mucho apoyo<\/em>\u201d, relat\u00f3.<\/p>\n<p>&nbsp;<\/p>\n<p>Por \u00faltimo, Vanesa \u00c1vila, directora del Centro Madre Teresa de Calcuta, expres\u00f3 \u201c<em>el agradecimiento pleno de todos, de todos los docentes, de toda las familias. Para nosotros es un empuj\u00f3n muy grande, una caricia al alma que nos ayuda y nos invita a seguir pele\u00e1ndola. Estamos a disposici\u00f3n para seguir trabajando juntos, de manera colaborativa y en equipo para lograr estas cosas<\/em>\u201d.<\/p>\n","protected":false},"excerpt":{"rendered":"<p>El Centro de Adaptaci\u00f3n Laboral Madre Teresa de Calcuta, de la localidad de Loma Negra, recibi\u00f3 el cheque simb\u00f3lico de<\/p>\n","protected":false},"author":96739694,"featured_media":160182,"comment_status":"closed","ping_status":"closed","sticky":false,"template":"","format":"standard","meta":{"_jetpack_memberships_contains_paid_content":false,"footnotes":""},"categories":[30,1],"tags":[],"class_list":["post-136396","post","type-post","status-publish","format-standard","has-post-thumbnail","hentry","category-polideportivo","category-portada"],"jetpack_featured_media_url":"https:\/\/i0.wp.com\/cdnoticias.com\/wp-content\/uploads\/2024\/03\/Deportes-Kinewn-Madre-Teresa-8-scaled-1.jpg?fit=2560%2C1707&ssl=1","jetpack_sharing_enabled":true,"_links":{"self":[{"href":"https:\/\/cdnoticias.com\/index.php\/wp-json\/wp\/v2\/posts\/136396","targetHints":{"allow":["GET"]}}],"collection":[{"href":"https:\/\/cdnoticias.com\/index.php\/wp-json\/wp\/v2\/posts"}],"about":[{"href":"https:\/\/cdnoticias.com\/index.php\/wp-json\/wp\/v2\/types\/post"}],"author":[{"embeddable":true,"href":"https:\/\/cdnoticias.com\/index.php\/wp-json\/wp\/v2\/users\/96739694"}],"replies":[{"embeddable":true,"href":"https:\/\/cdnoticias.com\/index.php\/wp-json\/wp\/v2\/comments?post=136396"}],"version-history":[{"count":0,"href":"https:\/\/cdnoticias.com\/index.php\/wp-json\/wp\/v2\/posts\/136396\/revisions"}],"wp:featuredmedia":[{"embeddable":true,"href":"https:\/\/cdnoticias.com\/index.php\/wp-json\/wp\/v2\/media\/160182"}],"wp:attachment":[{"href":"https:\/\/cdnoticias.com\/index.php\/wp-json\/wp\/v2\/media?parent=136396"}],"wp:term":[{"taxonomy":"category","embeddable":true,"href":"https:\/\/cdnoticias.com\/index.php\/wp-json\/wp\/v2\/categories?post=136396"},{"taxonomy":"post_tag","embeddable":true,"href":"https:\/\/cdnoticias.com\/index.php\/wp-json\/wp\/v2\/tags?post=136396"}],"curies":[{"name":"wp","href":"https:\/\/api.w.org\/{rel}","templated":true}]}}