{"id":13637,"date":"2021-02-13T09:06:03","date_gmt":"2021-02-13T12:06:03","guid":{"rendered":"http:\/\/www.centraldenoticias.com.ar\/?p=13637"},"modified":"2021-02-13T09:06:03","modified_gmt":"2021-02-13T12:06:03","slug":"tomas-feliciano-pereyra-pichon-q-e-p-d","status":"publish","type":"post","link":"https:\/\/cdnoticias.com\/index.php\/2021\/02\/13\/tomas-feliciano-pereyra-pichon-q-e-p-d\/","title":{"rendered":"Tomas Feliciano Pereyra \u201cPichon\u201d (Q.E.P.D.)"},"content":{"rendered":"<p>Falleci\u00f3 en Olavarr\u00eda el d\u00eda 12 de febrero de 2021 a los 91 a\u00f1os de edad.<\/p>\n<p>Su esposa Elena Josefa Quiroga. Sus hijos Elsa, Graciela, Susana, Gladys, Rosana, Estela y Daniel Pereyra. Su hija en el afecto Maria Bertelle. Sus hijos pol\u00edticos Juan Carlos Pizarro, Luis Borda, Floro Rodr\u00edguez y Walter Su\u00e1rez. Sus nietos. Sus nietos pol\u00edticos. Sus bisnietos. Su hermano Ram\u00f3n Cabrera. Sus hermanos pol\u00edticos. Sus sobrinos y dem\u00e1s deudos participan su fallecimiento.<\/p>\n<p>Sin velatorio. Sin responso. Inhumaci\u00f3n: Cementerio Loma de Paz, s\u00e1bado 13 de febrero a las 14:30 horas. Servicio adherido a Coopelectric.<\/p>\n<p>Vecino de barrio Pueblo Nuevo.<\/p>\n<p>Nacido en Olavarr\u00eda.<\/p>\n<p>Jubilado.<\/p>\n","protected":false},"excerpt":{"rendered":"<p>Falleci\u00f3 en Olavarr\u00eda el d\u00eda 12 de febrero de 2021 a los 91 a\u00f1os de edad. Su esposa Elena Josefa<\/p>\n","protected":false},"author":4,"featured_media":0,"comment_status":"closed","ping_status":"closed","sticky":false,"template":"","format":"standard","meta":{"_jetpack_memberships_contains_paid_content":false,"footnotes":""},"categories":[10],"tags":[],"class_list":["post-13637","post","type-post","status-publish","format-standard","hentry","category-necrologicas"],"jetpack_featured_media_url":"","jetpack_sharing_enabled":true,"_links":{"self":[{"href":"https:\/\/cdnoticias.com\/index.php\/wp-json\/wp\/v2\/posts\/13637","targetHints":{"allow":["GET"]}}],"collection":[{"href":"https:\/\/cdnoticias.com\/index.php\/wp-json\/wp\/v2\/posts"}],"about":[{"href":"https:\/\/cdnoticias.com\/index.php\/wp-json\/wp\/v2\/types\/post"}],"author":[{"embeddable":true,"href":"https:\/\/cdnoticias.com\/index.php\/wp-json\/wp\/v2\/users\/4"}],"replies":[{"embeddable":true,"href":"https:\/\/cdnoticias.com\/index.php\/wp-json\/wp\/v2\/comments?post=13637"}],"version-history":[{"count":0,"href":"https:\/\/cdnoticias.com\/index.php\/wp-json\/wp\/v2\/posts\/13637\/revisions"}],"wp:attachment":[{"href":"https:\/\/cdnoticias.com\/index.php\/wp-json\/wp\/v2\/media?parent=13637"}],"wp:term":[{"taxonomy":"category","embeddable":true,"href":"https:\/\/cdnoticias.com\/index.php\/wp-json\/wp\/v2\/categories?post=13637"},{"taxonomy":"post_tag","embeddable":true,"href":"https:\/\/cdnoticias.com\/index.php\/wp-json\/wp\/v2\/tags?post=13637"}],"curies":[{"name":"wp","href":"https:\/\/api.w.org\/{rel}","templated":true}]}}