{"id":136363,"date":"2024-10-22T20:53:19","date_gmt":"2024-10-22T23:53:19","guid":{"rendered":"https:\/\/centraldeportes.com.ar\/?p=56580"},"modified":"2025-02-13T23:12:14","modified_gmt":"2025-02-14T02:12:14","slug":"estamos-para-competir-y-para-seguir-fogueando-a-los-chicos-del-club","status":"publish","type":"post","link":"https:\/\/cdnoticias.com\/index.php\/2024\/10\/22\/estamos-para-competir-y-para-seguir-fogueando-a-los-chicos-del-club\/","title":{"rendered":"\u201cEstamos para competir y para seguir fogueando a los chicos del club\u201d"},"content":{"rendered":"<p>Sostuvo Franco Carlucci, uno de los jugadores destacados en la victoria contra Hurac\u00e1n de Tres Arroyos. \u201cEra necesario quedarnos con los tres puntos\u201d, destac\u00f3 el defensor.<!--more--><\/p>\n<hr \/>\n<p><strong>Embajadores<\/strong> comenz\u00f3 a hacer del sint\u00e9tico una fortaleza y lo demostr\u00f3 el con el <a href=\"https:\/\/cdnoticias.com\/embajadores-vencio-a-huracan-y-sumo-su-primer-festejo-en-la-zona-5\/\">importante triunfo<\/a> conseguido el pasado s\u00e1bado ante el \u201cGlobo\u201d tresarroyense. \u201c<strong><em>Pudimos revertir la imagen futbol\u00edstica que dejamos contra Racing, era necesario quedarnos con los tres puntos<\/em><\/strong>\u201d, solt\u00f3 <strong>Franco Carlucci<\/strong> en di\u00e1logo con el medio post partido.<\/p>\n<p>&nbsp;<\/p>\n<p>\u201c<strong><em>Enfrentamos a un equipo bien armado y que se nota que sabe a lo que juega, pero por suerte logramos destrabarlo en el segundo tiempo<\/em><\/strong>\u201d, continu\u00f3 el autor del primer tanto para el CEO.<\/p>\n<p>&nbsp;<\/p>\n<p><img data-recalc-dims=\"1\" loading=\"lazy\" decoding=\"async\" class=\"aligncenter size-large wp-image-56475\" src=\"https:\/\/i0.wp.com\/cdnoticias.com\/wp-content\/uploads\/2024\/10\/CEO-Huracan-3.jpg?resize=800%2C533&#038;ssl=1\" alt=\"\" width=\"800\" height=\"533\" \/><\/p>\n<p>&nbsp;<\/p>\n<p>A pesar del tr\u00e1mite parejo en todo momento, Embajadores hizo los m\u00e9ritos y fue oportuno en las ocasiones que gener\u00f3. Fue destacable tambi\u00e9n el arduo trabajo de los cuatro del fondo: \u201c<strong><em>Todo el equipo en todas las l\u00edneas estuvo bien<\/em><\/strong>\u201d, comenz\u00f3 diciendo Carlucci y agreg\u00f3: \u201c<strong><em>Despu\u00e9s del gol perdimos un poco la pelota en la mitad de la cancha, pero teniendo a \u2018Juani\u201d<\/em> (Areco) <em>y al \u2018Ca\u00f1o\u2019<\/em> (Scipioni<em>) en la recuperaci\u00f3n revertimos eso y ni hablar de lo que hacen Bruno (Di Bello) y Moro, eso suma y es lo que nos caracteriza tambi\u00e9n<\/em><\/strong>\u201d, afirm\u00f3.<\/p>\n<p>&nbsp;<\/p>\n<p>Jugadas dos fechas y con la victoria conseguida, los de Valderrey escalaron a la segunda posici\u00f3n de la Zona 5 de la Regi\u00f3n Pampeana Sur: \u201c<strong><em>Estamos para competir y para seguir fogueando a los chicos del Club, la idea es apoyar y de mi parte sumar desde donde me toque. El candidato del grupo es Racing, Hurac\u00e1n est\u00e1 bien armado, Gimnasia tiene una buena base. Es partido a partido, hay que seguir luch\u00e1ndola<\/em><\/strong>\u201d, finaliz\u00f3 el defensor.<\/p>\n","protected":false},"excerpt":{"rendered":"<p>Sostuvo Franco Carlucci, uno de los jugadores destacados en la victoria contra Hurac\u00e1n de Tres Arroyos. \u201cEra necesario quedarnos con<\/p>\n","protected":false},"author":96739694,"featured_media":163285,"comment_status":"closed","ping_status":"closed","sticky":false,"template":"","format":"standard","meta":{"_jetpack_memberships_contains_paid_content":false,"footnotes":""},"categories":[35,1,54],"tags":[],"class_list":["post-136363","post","type-post","status-publish","format-standard","has-post-thumbnail","hentry","category-futbol","category-portada","category-torneo-regional-amateur"],"jetpack_featured_media_url":"https:\/\/i0.wp.com\/cdnoticias.com\/wp-content\/uploads\/2024\/10\/CEO-Franco-Carlucci-vs-Huracan-TA-2%C2%B0-Fecha-TRFA-e1729641165702.jpeg?fit=996%2C621&ssl=1","jetpack_sharing_enabled":true,"_links":{"self":[{"href":"https:\/\/cdnoticias.com\/index.php\/wp-json\/wp\/v2\/posts\/136363","targetHints":{"allow":["GET"]}}],"collection":[{"href":"https:\/\/cdnoticias.com\/index.php\/wp-json\/wp\/v2\/posts"}],"about":[{"href":"https:\/\/cdnoticias.com\/index.php\/wp-json\/wp\/v2\/types\/post"}],"author":[{"embeddable":true,"href":"https:\/\/cdnoticias.com\/index.php\/wp-json\/wp\/v2\/users\/96739694"}],"replies":[{"embeddable":true,"href":"https:\/\/cdnoticias.com\/index.php\/wp-json\/wp\/v2\/comments?post=136363"}],"version-history":[{"count":0,"href":"https:\/\/cdnoticias.com\/index.php\/wp-json\/wp\/v2\/posts\/136363\/revisions"}],"wp:featuredmedia":[{"embeddable":true,"href":"https:\/\/cdnoticias.com\/index.php\/wp-json\/wp\/v2\/media\/163285"}],"wp:attachment":[{"href":"https:\/\/cdnoticias.com\/index.php\/wp-json\/wp\/v2\/media?parent=136363"}],"wp:term":[{"taxonomy":"category","embeddable":true,"href":"https:\/\/cdnoticias.com\/index.php\/wp-json\/wp\/v2\/categories?post=136363"},{"taxonomy":"post_tag","embeddable":true,"href":"https:\/\/cdnoticias.com\/index.php\/wp-json\/wp\/v2\/tags?post=136363"}],"curies":[{"name":"wp","href":"https:\/\/api.w.org\/{rel}","templated":true}]}}