{"id":136354,"date":"2024-10-20T21:45:41","date_gmt":"2024-10-21T00:45:41","guid":{"rendered":"https:\/\/centraldeportes.com.ar\/?p=56531"},"modified":"2025-02-13T23:12:23","modified_gmt":"2025-02-14T02:12:23","slug":"defensores-de-belgrano-clasifico-al-reducido-de-la-primera-nacional","status":"publish","type":"post","link":"https:\/\/cdnoticias.com\/index.php\/2024\/10\/20\/defensores-de-belgrano-clasifico-al-reducido-de-la-primera-nacional\/","title":{"rendered":"Defensores de Belgrano clasific\u00f3 al Reducido de la Primera Nacional"},"content":{"rendered":"<p>Con \u201cNacho\u201d Pietrobono bajo los tres palos, el \u201cDrag\u00f3n\u201d pelear\u00e1 por el segundo ascenso a la m\u00e1xima categor\u00eda. Guille fue titular en Col\u00f3n. Adem\u00e1s, Wiechniak y Battigelli dieron el presente.<!--more--><\/p>\n<hr \/>\n<p>La vibrante <strong>Primera Nacional<\/strong>, ya en instancias decisivas de la Etapa Regular, celebr\u00f3 este fin de semana la <strong>pen\u00faltima fecha del campeonato<\/strong> y fue con <strong>cu\u00e1druple presencia de futbolistas olavarrienses<\/strong>.<\/p>\n<p>&nbsp;<\/p>\n<p>El s\u00e1bado, en el Juan Pasquale del Barrio de Belgrano, <strong>Defensores de Belgrano<\/strong> empat\u00f3 0 a 0 con <strong>Mitre<\/strong> de Santiago del Estero y, con el punto obtenido, le alcanz\u00f3 para meterse en el Reducido por el segundo ascenso a la m\u00e1xima categor\u00eda del f\u00fatbol argentino.<\/p>\n<p>&nbsp;<\/p>\n<p><strong>Ignacio Pietrobono<\/strong> fue titular y defendi\u00f3 el arco del \u201cDrag\u00f3n\u201d con otra valla invicta, mientras que<strong> Facundo Wiechniak<\/strong>, sin rodaje en el encuentro, integr\u00f3 la n\u00f3mina de suplentes en el conjunto \u201cAurinegro\u201d.<\/p>\n<p>&nbsp;<\/p>\n<p>Por la Zona A, <strong>San Miguel<\/strong> se qued\u00f3 sin el cl\u00e1sico y, por el momento, no asegur\u00f3 su clasificaci\u00f3n al Reducido. El \u201cTrueno Verde\u201d cay\u00f3 1 a 0 como local ante Deportivo Mor\u00f3n con <strong>Carlos Battigelli<\/strong> en el banco de suplentes.<\/p>\n<p>&nbsp;<\/p>\n\n<p>&nbsp;<\/p>\n<p>A su vez, este domingo por la tarde, <strong>Col\u00f3n<\/strong> sac\u00f3 un empate que poco le sirve y deber\u00e1 esperar hasta la \u00faltima fecha para confirmar su pasaje a la instancia clasificatoria.<\/p>\n<p>&nbsp;<\/p>\n<p>Fue 0 a 0 la igualdad ante Atl\u00e9tico Rafaela, con <strong>Braian Guille<\/strong> en el once titular. El mediapunta olavarriense jug\u00f3 pr\u00e1cticamente todo el partido y sali\u00f3 reemplazado a los 90\u2019 por Joel So\u00f1ora.<\/p>\n<p>&nbsp;<\/p>\n<p><em><strong>Foto: Defensores de Belgrano \/\/ @defeweb.<\/strong><\/em><\/p>\n","protected":false},"excerpt":{"rendered":"<p>Con \u201cNacho\u201d Pietrobono bajo los tres palos, el \u201cDrag\u00f3n\u201d pelear\u00e1 por el segundo ascenso a la m\u00e1xima categor\u00eda. Guille fue<\/p>\n","protected":false},"author":96739694,"featured_media":163306,"comment_status":"closed","ping_status":"closed","sticky":false,"template":"","format":"standard","meta":{"_jetpack_memberships_contains_paid_content":false,"footnotes":""},"categories":[37,1],"tags":[],"class_list":["post-136354","post","type-post","status-publish","format-standard","has-post-thumbnail","hentry","category-futbol-profesional","category-portada"],"jetpack_featured_media_url":"https:\/\/i0.wp.com\/cdnoticias.com\/wp-content\/uploads\/2024\/10\/Pietrobono-Primera-Nacional-Fecha-37-e1729471329577.jpg?fit=893%2C583&ssl=1","jetpack_sharing_enabled":true,"_links":{"self":[{"href":"https:\/\/cdnoticias.com\/index.php\/wp-json\/wp\/v2\/posts\/136354","targetHints":{"allow":["GET"]}}],"collection":[{"href":"https:\/\/cdnoticias.com\/index.php\/wp-json\/wp\/v2\/posts"}],"about":[{"href":"https:\/\/cdnoticias.com\/index.php\/wp-json\/wp\/v2\/types\/post"}],"author":[{"embeddable":true,"href":"https:\/\/cdnoticias.com\/index.php\/wp-json\/wp\/v2\/users\/96739694"}],"replies":[{"embeddable":true,"href":"https:\/\/cdnoticias.com\/index.php\/wp-json\/wp\/v2\/comments?post=136354"}],"version-history":[{"count":0,"href":"https:\/\/cdnoticias.com\/index.php\/wp-json\/wp\/v2\/posts\/136354\/revisions"}],"wp:featuredmedia":[{"embeddable":true,"href":"https:\/\/cdnoticias.com\/index.php\/wp-json\/wp\/v2\/media\/163306"}],"wp:attachment":[{"href":"https:\/\/cdnoticias.com\/index.php\/wp-json\/wp\/v2\/media?parent=136354"}],"wp:term":[{"taxonomy":"category","embeddable":true,"href":"https:\/\/cdnoticias.com\/index.php\/wp-json\/wp\/v2\/categories?post=136354"},{"taxonomy":"post_tag","embeddable":true,"href":"https:\/\/cdnoticias.com\/index.php\/wp-json\/wp\/v2\/tags?post=136354"}],"curies":[{"name":"wp","href":"https:\/\/api.w.org\/{rel}","templated":true}]}}