{"id":136345,"date":"2024-10-19T17:06:23","date_gmt":"2024-10-19T20:06:23","guid":{"rendered":"https:\/\/centraldeportes.com.ar\/?p=56432"},"modified":"2025-02-13T23:12:37","modified_gmt":"2025-02-14T02:12:37","slug":"alejandro-diez-se-lucio-en-la-victoria-de-ferro-carril-oeste","status":"publish","type":"post","link":"https:\/\/cdnoticias.com\/index.php\/2024\/10\/19\/alejandro-diez-se-lucio-en-la-victoria-de-ferro-carril-oeste\/","title":{"rendered":"Alejandro Diez se luci\u00f3 en la victoria de Ferro Carril Oeste"},"content":{"rendered":"<p>En la noche del viernes, Ferro Carril Oeste volvi\u00f3 al triunfo y fue ante Obras con una destacada actuaci\u00f3n para Alejandro Diez.<\/p>\n<p><!--more--><\/p>\n<hr \/>\n<p>Oeste se repuso y super\u00f3 85 a 83 al Tachero. Alejandro Diez fue la m\u00e1xima figura del encuentro con 19 puntos y 2 rebotes en total.<\/p>\n<p>&nbsp;<\/p>\n<p>Los primeros minutos fueron favorables para la vista que logr\u00f3 hacer un parcial 10-2 en el arranque. Los de Fern\u00e1ndez, por su parte, provocaron p\u00e9rdidas en el Roquero y las aprovecharon para anotar de contragolpe. Con bastante paridad se fueron al descanso 45-43 del lado local.<\/p>\n<p>&nbsp;<\/p>\n<p>En la segunda mitad Ferro conserv\u00f3 la intensidad del segundo cuarto, se mantuvo fino en ataque y logr\u00f3 llegar con diferencias al tramo final. Los de Vadell hicieron lo suyo, trabaron las ofensivas Verdolagas y pasaron al frente del marcador. Con un final cerrado, apareci\u00f3 el triple de Tom\u00e1s Spano para romper el juego y que el triunfo quede del lado de Caballito por 85 a 83.<\/p>\n","protected":false},"excerpt":{"rendered":"<p>En la noche del viernes, Ferro Carril Oeste volvi\u00f3 al triunfo y fue ante Obras con una destacada actuaci\u00f3n para<\/p>\n","protected":false},"author":96739694,"featured_media":163338,"comment_status":"closed","ping_status":"closed","sticky":false,"template":"","format":"standard","meta":{"_jetpack_memberships_contains_paid_content":false,"footnotes":""},"categories":[31,36,1],"tags":[],"class_list":["post-136345","post","type-post","status-publish","format-standard","has-post-thumbnail","hentry","category-basquet","category-liga-nacional","category-portada"],"jetpack_featured_media_url":"https:\/\/i0.wp.com\/cdnoticias.com\/wp-content\/uploads\/2024\/10\/diez-2.jpeg?fit=1600%2C1066&ssl=1","jetpack_sharing_enabled":true,"_links":{"self":[{"href":"https:\/\/cdnoticias.com\/index.php\/wp-json\/wp\/v2\/posts\/136345","targetHints":{"allow":["GET"]}}],"collection":[{"href":"https:\/\/cdnoticias.com\/index.php\/wp-json\/wp\/v2\/posts"}],"about":[{"href":"https:\/\/cdnoticias.com\/index.php\/wp-json\/wp\/v2\/types\/post"}],"author":[{"embeddable":true,"href":"https:\/\/cdnoticias.com\/index.php\/wp-json\/wp\/v2\/users\/96739694"}],"replies":[{"embeddable":true,"href":"https:\/\/cdnoticias.com\/index.php\/wp-json\/wp\/v2\/comments?post=136345"}],"version-history":[{"count":0,"href":"https:\/\/cdnoticias.com\/index.php\/wp-json\/wp\/v2\/posts\/136345\/revisions"}],"wp:featuredmedia":[{"embeddable":true,"href":"https:\/\/cdnoticias.com\/index.php\/wp-json\/wp\/v2\/media\/163338"}],"wp:attachment":[{"href":"https:\/\/cdnoticias.com\/index.php\/wp-json\/wp\/v2\/media?parent=136345"}],"wp:term":[{"taxonomy":"category","embeddable":true,"href":"https:\/\/cdnoticias.com\/index.php\/wp-json\/wp\/v2\/categories?post=136345"},{"taxonomy":"post_tag","embeddable":true,"href":"https:\/\/cdnoticias.com\/index.php\/wp-json\/wp\/v2\/tags?post=136345"}],"curies":[{"name":"wp","href":"https:\/\/api.w.org\/{rel}","templated":true}]}}