{"id":136338,"date":"2024-10-17T19:38:24","date_gmt":"2024-10-17T22:38:24","guid":{"rendered":"https:\/\/centraldeportes.com.ar\/?p=56406"},"modified":"2025-02-13T23:11:26","modified_gmt":"2025-02-14T02:11:26","slug":"femenino-la-seleccion-de-olavarria-vencio-a-la-plata-en-el-debut","status":"publish","type":"post","link":"https:\/\/cdnoticias.com\/index.php\/2024\/10\/17\/femenino-la-seleccion-de-olavarria-vencio-a-la-plata-en-el-debut\/","title":{"rendered":"Femenino: la Selecci\u00f3n de Olavarr\u00eda venci\u00f3 a La Plata en el debut"},"content":{"rendered":"<p>Fue 1 a 0 la victoria del combinado olavarriense por la 1\u00b0 fecha del Torneo de Selecciones. La pr\u00f3xima fecha, de visitante ante Jun\u00edn.<!--more--><\/p>\n<hr \/>\n<p>Con tres puntos en el bolsillo, la<strong> Selecci\u00f3n de F\u00fatbol Femenino de Olavarr\u00eda<\/strong> debut\u00f3 el pasado mi\u00e9rcoles de la mejor manera en el <strong>Torneo Nacional de Selecciones de Primera Divisi\u00f3n<\/strong> organizado por la Federaci\u00f3n Bonaerense Pampeana.<\/p>\n<p>&nbsp;<\/p>\n<p>Por la<strong> 1\u00b0 fecha<\/strong> de la Zona 1, <strong>el conjunto de nuestra ciudad comandado t\u00e9cnicamente por Carlos Montiel derrot\u00f3 1 a 0 a La Plata<\/strong> en el c\u00e9sped del Ricardo S\u00e1nchez.<\/p>\n<p>&nbsp;<\/p>\n<p>[soliloquy id=&#8221;56362&#8243;]<\/p>\n<p>&nbsp;<\/p>\n<p>A los 46\u2019 de la primera etapa, <strong>Valeria Oron\u00e1<\/strong>, jugadora del Club Estudiantes,<strong> convirti\u00f3 el \u00fanico tanto para la victoria del seleccionado olavarriense<\/strong>.<\/p>\n<p>&nbsp;<\/p>\n<p>En condici\u00f3n de visitante, el <strong>pr\u00f3ximo jueves desde las 20:00, Olavarr\u00eda afrontar\u00e1 la 2\u00b0 fecha del certamen ante el representativo de Jun\u00edn<\/strong>.<\/p>\n<p>&nbsp;<\/p>\n<p><strong>S\u00edntesis Olavarr\u00eda \u2013 La Plata:<\/strong><\/p>\n<p><strong>Olavarr\u00eda (1): <\/strong>Lucrecia Hurtado; Milena Mart\u00edn (A. Osellame); Brisa De Olaso, Mar\u00eda Bel\u00e9n Boyer, Gisela Herrero; Milagros Velo, Daiana Leonardo, Magdalena Angueira (L. Attad\u00eda); Brenda Leguizam\u00f3n (M. Lara), Jazm\u00edn Vaillati (S. Tabares) y Valeria Oron\u00e1 (S. Ortiz). DT: Carlos Montiel.<\/p>\n<p><strong>La Plata (0):<\/strong> Mar\u00eda Granea (A. P\u00e9rez); Lorena Gonz\u00e1lez, Sol Bordini, Mar\u00eda G\u00f3mez, Yanina Oviedo; Chiara Mondino (P. Leiva), Marina Mart\u00edn, Delfina Salom\u00f3n (D. D\u00b4Arriso), Florencia Mendoza; Raquel Moreno (J. Piodoso), Morena Noguera (M. Alfonzo). DT: Soledad Castaneira<\/p>\n<p><strong>Goles: <\/strong>45min (+1) PT Valeria Oron\u00e1 (O).<\/p>\n<p><strong>Amonestadas: <\/strong>Leguizam\u00f3n (Olavarr\u00eda); Mart\u00edn y Oviedo (La Plata).<\/p>\n<p><strong>Expulsadas: <\/strong>No hubo.<\/p>\n<p><strong>\u00c1rbitro:<\/strong> Celeste Celman (Azul). <strong>Estadio: <\/strong>Ricardo S\u00e1nchez.<\/p>\n","protected":false},"excerpt":{"rendered":"<p>Fue 1 a 0 la victoria del combinado olavarriense por la 1\u00b0 fecha del Torneo de Selecciones. La pr\u00f3xima fecha,<\/p>\n","protected":false},"author":96739694,"featured_media":163228,"comment_status":"closed","ping_status":"closed","sticky":false,"template":"","format":"standard","meta":{"_jetpack_memberships_contains_paid_content":false,"footnotes":""},"categories":[47,35,1],"tags":[],"class_list":["post-136338","post","type-post","status-publish","format-standard","has-post-thumbnail","hentry","category-femenino","category-futbol","category-portada"],"jetpack_featured_media_url":"https:\/\/i0.wp.com\/cdnoticias.com\/wp-content\/uploads\/2024\/10\/olav-fem-2.jpg?fit=1280%2C853&ssl=1","jetpack_sharing_enabled":true,"_links":{"self":[{"href":"https:\/\/cdnoticias.com\/index.php\/wp-json\/wp\/v2\/posts\/136338","targetHints":{"allow":["GET"]}}],"collection":[{"href":"https:\/\/cdnoticias.com\/index.php\/wp-json\/wp\/v2\/posts"}],"about":[{"href":"https:\/\/cdnoticias.com\/index.php\/wp-json\/wp\/v2\/types\/post"}],"author":[{"embeddable":true,"href":"https:\/\/cdnoticias.com\/index.php\/wp-json\/wp\/v2\/users\/96739694"}],"replies":[{"embeddable":true,"href":"https:\/\/cdnoticias.com\/index.php\/wp-json\/wp\/v2\/comments?post=136338"}],"version-history":[{"count":0,"href":"https:\/\/cdnoticias.com\/index.php\/wp-json\/wp\/v2\/posts\/136338\/revisions"}],"wp:featuredmedia":[{"embeddable":true,"href":"https:\/\/cdnoticias.com\/index.php\/wp-json\/wp\/v2\/media\/163228"}],"wp:attachment":[{"href":"https:\/\/cdnoticias.com\/index.php\/wp-json\/wp\/v2\/media?parent=136338"}],"wp:term":[{"taxonomy":"category","embeddable":true,"href":"https:\/\/cdnoticias.com\/index.php\/wp-json\/wp\/v2\/categories?post=136338"},{"taxonomy":"post_tag","embeddable":true,"href":"https:\/\/cdnoticias.com\/index.php\/wp-json\/wp\/v2\/tags?post=136338"}],"curies":[{"name":"wp","href":"https:\/\/api.w.org\/{rel}","templated":true}]}}