{"id":136336,"date":"2024-10-17T18:48:14","date_gmt":"2024-10-17T21:48:14","guid":{"rendered":"https:\/\/centraldeportes.com.ar\/?p=56401"},"modified":"2025-02-13T23:11:28","modified_gmt":"2025-02-14T02:11:28","slug":"sansimoni-tuvo-sus-primeros-minutos-en-la-liga-nacional","status":"publish","type":"post","link":"https:\/\/cdnoticias.com\/index.php\/2024\/10\/17\/sansimoni-tuvo-sus-primeros-minutos-en-la-liga-nacional\/","title":{"rendered":"Sansimoni tuvo sus primeros minutos en la Liga Nacional"},"content":{"rendered":"<p>En la noche del mi\u00e9rcoles, Bruno Sansimoni sum\u00f3 sus primeros minutos en la temporada 24\/25 de la Liga Nacional.<\/p>\n<p><!--more--><\/p>\n<hr \/>\n<p>Bruno Sansimoni complet\u00f3 5:27 minutos con 3 puntos, 3 rebotes y 1 asistencia en lo que fue el debut triunfal de Quimsa.<\/p>\n<p>&nbsp;<\/p>\n<p>La \u201cFusi\u00f3n\u201d derrot\u00f3 103 a 85 a Regatas en condici\u00f3n de local en lo que signific\u00f3 el comienzo de la segunda temporada del base olavarriense en el equipo santiague\u00f1o.<\/p>\n","protected":false},"excerpt":{"rendered":"<p>En la noche del mi\u00e9rcoles, Bruno Sansimoni sum\u00f3 sus primeros minutos en la temporada 24\/25 de la Liga Nacional.<\/p>\n","protected":false},"author":96739694,"featured_media":163232,"comment_status":"closed","ping_status":"closed","sticky":false,"template":"","format":"standard","meta":{"_jetpack_memberships_contains_paid_content":false,"footnotes":""},"categories":[31,36,1],"tags":[],"class_list":["post-136336","post","type-post","status-publish","format-standard","has-post-thumbnail","hentry","category-basquet","category-liga-nacional","category-portada"],"jetpack_featured_media_url":"https:\/\/i0.wp.com\/cdnoticias.com\/wp-content\/uploads\/2024\/10\/sansimoni.jpg?fit=800%2C445&ssl=1","jetpack_sharing_enabled":true,"_links":{"self":[{"href":"https:\/\/cdnoticias.com\/index.php\/wp-json\/wp\/v2\/posts\/136336","targetHints":{"allow":["GET"]}}],"collection":[{"href":"https:\/\/cdnoticias.com\/index.php\/wp-json\/wp\/v2\/posts"}],"about":[{"href":"https:\/\/cdnoticias.com\/index.php\/wp-json\/wp\/v2\/types\/post"}],"author":[{"embeddable":true,"href":"https:\/\/cdnoticias.com\/index.php\/wp-json\/wp\/v2\/users\/96739694"}],"replies":[{"embeddable":true,"href":"https:\/\/cdnoticias.com\/index.php\/wp-json\/wp\/v2\/comments?post=136336"}],"version-history":[{"count":0,"href":"https:\/\/cdnoticias.com\/index.php\/wp-json\/wp\/v2\/posts\/136336\/revisions"}],"wp:featuredmedia":[{"embeddable":true,"href":"https:\/\/cdnoticias.com\/index.php\/wp-json\/wp\/v2\/media\/163232"}],"wp:attachment":[{"href":"https:\/\/cdnoticias.com\/index.php\/wp-json\/wp\/v2\/media?parent=136336"}],"wp:term":[{"taxonomy":"category","embeddable":true,"href":"https:\/\/cdnoticias.com\/index.php\/wp-json\/wp\/v2\/categories?post=136336"},{"taxonomy":"post_tag","embeddable":true,"href":"https:\/\/cdnoticias.com\/index.php\/wp-json\/wp\/v2\/tags?post=136336"}],"curies":[{"name":"wp","href":"https:\/\/api.w.org\/{rel}","templated":true}]}}