{"id":136332,"date":"2024-10-16T23:31:53","date_gmt":"2024-10-17T02:31:53","guid":{"rendered":"https:\/\/centraldeportes.com.ar\/?p=56386"},"modified":"2025-02-13T23:11:31","modified_gmt":"2025-02-14T02:11:31","slug":"basquet-local-termino-la-9-fecha-pero-no-la-etapa-regular","status":"publish","type":"post","link":"https:\/\/cdnoticias.com\/index.php\/2024\/10\/16\/basquet-local-termino-la-9-fecha-pero-no-la-etapa-regular\/","title":{"rendered":"B\u00e1squet Local: termin\u00f3 la 9\u00b0 fecha, pero no la Etapa Regular"},"content":{"rendered":"<p>Mi\u00e9rcoles de m\u00e1s b\u00e1squet en los escenarios olavarrienses y mientras las categor\u00edas formativas jugaron por la Copa Ciudad de Olavarr\u00eda, la Primera Divisi\u00f3n jug\u00f3 por el Torneo Clausura organizado por la Asociaci\u00f3n de B\u00e1squet de Olavarr\u00eda.<!--more--><\/p>\n<hr \/>\n<p>En dos escenarios se complet\u00f3 la 9\u00b0 y \u00faltima fecha de la Fase Regular y fue con triunfos visitantes.<\/p>\n<p>&nbsp;<\/p>\n<p>En Sierras Bayas, Estudiantes jug\u00f3 su segundo partido de la semana y se reencontr\u00f3 con el triunfo al vencer a San Mart\u00edn. Luciano Dilascio con 20 puntos fue el goleador de la noche.<\/p>\n<p>&nbsp;<\/p>\n<p>Adem\u00e1s, en el Amadeo Bellingeri, Racing logr\u00f3 un sufrido triunfo ante El Fort\u00edn en lo que signific\u00f3 su \u00faltimo partido de la primera ronda para los dos elencos. En el \u201cFortinero\u201d no fueron suficientes los 32 puntos de Tom\u00e1s Ciuffetelli.<\/p>\n<p>&nbsp;<\/p>\n<p>El \u201cChaira\u201d lleg\u00f3 a las cinco victorias y aguarda por conocer su posici\u00f3n final y el \u201cFortinero\u201d termin\u00f3 con igual score de triunfos y derrotas y perdi\u00f3 la chance de tener local\u00eda y en las instancias de eliminaci\u00f3n.<\/p>\n<p>&nbsp;<\/p>\n<p>[soliloquy id=&#8221;56370&#8243;]<\/p>\n<p>&nbsp;<\/p>\n<p>Los resultados:<\/p>\n<p>San Mart\u00edn 44 \u2013 67 Estudiantes.<br \/>\nEl Fort\u00edn 66 \u2013 72 Racing.<\/p>\n<p>La programaci\u00f3n:<br \/>\nPendiente de la 5\u00b0<br \/>\nFerro \u2013 Estudiantes<\/p>\n","protected":false},"excerpt":{"rendered":"<p>Mi\u00e9rcoles de m\u00e1s b\u00e1squet en los escenarios olavarrienses y mientras las categor\u00edas formativas jugaron por la Copa Ciudad de Olavarr\u00eda,<\/p>\n","protected":false},"author":96739694,"featured_media":163240,"comment_status":"closed","ping_status":"closed","sticky":false,"template":"","format":"standard","meta":{"_jetpack_memberships_contains_paid_content":false,"footnotes":""},"categories":[31,1,43],"tags":[],"class_list":["post-136332","post","type-post","status-publish","format-standard","has-post-thumbnail","hentry","category-basquet","category-portada","category-primera"],"jetpack_featured_media_url":"https:\/\/i0.wp.com\/cdnoticias.com\/wp-content\/uploads\/2024\/10\/fortin-rac-abo-6.jpg?fit=1280%2C853&ssl=1","jetpack_sharing_enabled":true,"_links":{"self":[{"href":"https:\/\/cdnoticias.com\/index.php\/wp-json\/wp\/v2\/posts\/136332","targetHints":{"allow":["GET"]}}],"collection":[{"href":"https:\/\/cdnoticias.com\/index.php\/wp-json\/wp\/v2\/posts"}],"about":[{"href":"https:\/\/cdnoticias.com\/index.php\/wp-json\/wp\/v2\/types\/post"}],"author":[{"embeddable":true,"href":"https:\/\/cdnoticias.com\/index.php\/wp-json\/wp\/v2\/users\/96739694"}],"replies":[{"embeddable":true,"href":"https:\/\/cdnoticias.com\/index.php\/wp-json\/wp\/v2\/comments?post=136332"}],"version-history":[{"count":0,"href":"https:\/\/cdnoticias.com\/index.php\/wp-json\/wp\/v2\/posts\/136332\/revisions"}],"wp:featuredmedia":[{"embeddable":true,"href":"https:\/\/cdnoticias.com\/index.php\/wp-json\/wp\/v2\/media\/163240"}],"wp:attachment":[{"href":"https:\/\/cdnoticias.com\/index.php\/wp-json\/wp\/v2\/media?parent=136332"}],"wp:term":[{"taxonomy":"category","embeddable":true,"href":"https:\/\/cdnoticias.com\/index.php\/wp-json\/wp\/v2\/categories?post=136332"},{"taxonomy":"post_tag","embeddable":true,"href":"https:\/\/cdnoticias.com\/index.php\/wp-json\/wp\/v2\/tags?post=136332"}],"curies":[{"name":"wp","href":"https:\/\/api.w.org\/{rel}","templated":true}]}}