{"id":136327,"date":"2024-10-16T08:39:47","date_gmt":"2024-10-16T11:39:47","guid":{"rendered":"https:\/\/centraldeportes.com.ar\/?p=56343"},"modified":"2025-02-13T23:11:37","modified_gmt":"2025-02-14T02:11:37","slug":"el-bata-sumo-un-refuerzo-de-cara-a-lo-restante-del-pre-federal","status":"publish","type":"post","link":"https:\/\/cdnoticias.com\/index.php\/2024\/10\/16\/el-bata-sumo-un-refuerzo-de-cara-a-lo-restante-del-pre-federal\/","title":{"rendered":"El &#8220;Bata&#8221; sum\u00f3 un refuerzo de cara a lo restante del Pre-Federal"},"content":{"rendered":"<p>Santiago Ferrer, de San Luis con 23 a\u00f1os es la incorporaci\u00f3n que sum\u00f3 Estudiantes de cara a los partidos restantes de la actual Liga Pre-Federal de Clubes, donde recordamos que el Bata es uno de los punteros de su zona.<!--more--><\/p>\n<hr \/>\n<p>Escolta\/Alero de 1,89 mts. proveniente de GEPU. Experiencia en Liga Argentina y Liga Federal con dicho elenco. Zurdo tirador.<\/p>\n<p>&nbsp;<\/p>\n<p>Tras un largo viaje desde San Luis hasta Retiro y luego a Olavarr\u00eda, lleg\u00f3 en horario de entrenamiento y Mauricio Beltramella lo present\u00f3 al equipo.<\/p>\n<p>&nbsp;<\/p>\n<p><img data-recalc-dims=\"1\" loading=\"lazy\" decoding=\"async\" class=\"aligncenter size-full wp-image-56346\" src=\"https:\/\/i0.wp.com\/cdnoticias.com\/wp-content\/uploads\/2024\/10\/ferrer-1.jpg?resize=800%2C445&#038;ssl=1\" alt=\"\" width=\"800\" height=\"445\" \/><\/p>\n<p>&nbsp;<\/p>\n<p>\u201c<em>Desde que me contact\u00e9 me han tratado muy bien y hoy tengo muchas ganas de jugar ya. La sensaci\u00f3n es muy linda, conozco la historia del Club y se que jug\u00f3 el Lobito Fern\u00e1ndez a quien tuve de DT en GEPU. Es imposible reemplazar a Mar\u00edn con lo gran jugador que es y Mauri me dijo que haga mi juego y est\u00e9 tranquilo<\/em>\u201d, destac\u00f3 en sus primeras horas en Olavarr\u00eda.<\/p>\n","protected":false},"excerpt":{"rendered":"<p>Santiago Ferrer, de San Luis con 23 a\u00f1os es la incorporaci\u00f3n que sum\u00f3 Estudiantes de cara a los partidos restantes<\/p>\n","protected":false},"author":96739694,"featured_media":163252,"comment_status":"closed","ping_status":"closed","sticky":false,"template":"","format":"standard","meta":{"_jetpack_memberships_contains_paid_content":false,"footnotes":""},"categories":[31,1,60],"tags":[],"class_list":["post-136327","post","type-post","status-publish","format-standard","has-post-thumbnail","hentry","category-basquet","category-portada","category-torneo-pre-federal"],"jetpack_featured_media_url":"https:\/\/i0.wp.com\/cdnoticias.com\/wp-content\/uploads\/2024\/10\/ferrer-2.jpg?fit=800%2C445&ssl=1","jetpack_sharing_enabled":true,"_links":{"self":[{"href":"https:\/\/cdnoticias.com\/index.php\/wp-json\/wp\/v2\/posts\/136327","targetHints":{"allow":["GET"]}}],"collection":[{"href":"https:\/\/cdnoticias.com\/index.php\/wp-json\/wp\/v2\/posts"}],"about":[{"href":"https:\/\/cdnoticias.com\/index.php\/wp-json\/wp\/v2\/types\/post"}],"author":[{"embeddable":true,"href":"https:\/\/cdnoticias.com\/index.php\/wp-json\/wp\/v2\/users\/96739694"}],"replies":[{"embeddable":true,"href":"https:\/\/cdnoticias.com\/index.php\/wp-json\/wp\/v2\/comments?post=136327"}],"version-history":[{"count":0,"href":"https:\/\/cdnoticias.com\/index.php\/wp-json\/wp\/v2\/posts\/136327\/revisions"}],"wp:featuredmedia":[{"embeddable":true,"href":"https:\/\/cdnoticias.com\/index.php\/wp-json\/wp\/v2\/media\/163252"}],"wp:attachment":[{"href":"https:\/\/cdnoticias.com\/index.php\/wp-json\/wp\/v2\/media?parent=136327"}],"wp:term":[{"taxonomy":"category","embeddable":true,"href":"https:\/\/cdnoticias.com\/index.php\/wp-json\/wp\/v2\/categories?post=136327"},{"taxonomy":"post_tag","embeddable":true,"href":"https:\/\/cdnoticias.com\/index.php\/wp-json\/wp\/v2\/tags?post=136327"}],"curies":[{"name":"wp","href":"https:\/\/api.w.org\/{rel}","templated":true}]}}