{"id":136323,"date":"2024-10-15T07:51:52","date_gmt":"2024-10-15T10:51:52","guid":{"rendered":"https:\/\/centraldeportes.com.ar\/?p=56326"},"modified":"2025-02-13T23:11:42","modified_gmt":"2025-02-14T02:11:42","slug":"la-9-fecha-prosiguio-con-empate-en-villa-alfredo-fortabat","status":"publish","type":"post","link":"https:\/\/cdnoticias.com\/index.php\/2024\/10\/15\/la-9-fecha-prosiguio-con-empate-en-villa-alfredo-fortabat\/","title":{"rendered":"La 9\u00b0 fecha prosigui\u00f3 con empate en Villa Alfredo Fortabat"},"content":{"rendered":"<p>Por la Zona B, Racing ofici\u00f3 de local en el reducto \u201cCeleste\u201d e igual\u00f3 1 a 1 con Loma Negra. En Reserva, la victoria fue para el \u201cChaira\u201d.<!--more--><\/p>\n<hr \/>\n<p>En la continuidad de la <strong>9\u00b0 fecha<\/strong> del <strong>Torneo \u201cFatiga\u201d Russo<\/strong>,<strong> Racing<\/strong> y <strong>Loma Negra<\/strong> no se sacaron ventajas en el predio de Villa Alfredo Fortabat y terminaron repartiendo puntos.<\/p>\n<p>&nbsp;<\/p>\n<p><strong>Fue 1 a 1 el resultado final<\/strong>, con goles de <strong>Ferm\u00edn Kolman<\/strong> para \u201cLa Estrellita\u201d y <strong>Gabriel Rivas<\/strong> para el \u201cCeleste\u201d. <strong>Signific\u00f3, adem\u00e1s, el primer empate en el campeonato para los dirigidos por Garc\u00eda Lorenzo luego de ocho festejos en cadena<\/strong>.<\/p>\n<p>&nbsp;<\/p>\n<p>No obstante, ya clasificado a las semifinales del campeonato, Racing lleg\u00f3 a los 25 puntos en la Zona B, mientras que los de Burghini se ubican terceros con 12 unidades.<\/p>\n<p>&nbsp;<\/p>\n<p>Por su parte, <strong>en el partido previo de Reserva, el conjunto \u201cChaira\u201d se impuso 2 a 1<\/strong> y, con 21 puntos, estir\u00f3 la diferencia a cinco por sobre El Fort\u00edn en el grupo.<\/p>\n<p>&nbsp;<\/p>\n<p><em><strong>Foto: Lola Dos Santos (Archivo).<\/strong><\/em><\/p>\n","protected":false},"excerpt":{"rendered":"<p>Por la Zona B, Racing ofici\u00f3 de local en el reducto \u201cCeleste\u201d e igual\u00f3 1 a 1 con Loma Negra.<\/p>\n","protected":false},"author":96739694,"featured_media":163263,"comment_status":"closed","ping_status":"closed","sticky":false,"template":"","format":"standard","meta":{"_jetpack_memberships_contains_paid_content":false,"footnotes":""},"categories":[35,1,41],"tags":[],"class_list":["post-136323","post","type-post","status-publish","format-standard","has-post-thumbnail","hentry","category-futbol","category-portada","category-primera-y-reserva"],"jetpack_featured_media_url":"https:\/\/i0.wp.com\/cdnoticias.com\/wp-content\/uploads\/2024\/10\/TAFR-Loma-Negra.jpg?fit=1000%2C650&ssl=1","jetpack_sharing_enabled":true,"_links":{"self":[{"href":"https:\/\/cdnoticias.com\/index.php\/wp-json\/wp\/v2\/posts\/136323","targetHints":{"allow":["GET"]}}],"collection":[{"href":"https:\/\/cdnoticias.com\/index.php\/wp-json\/wp\/v2\/posts"}],"about":[{"href":"https:\/\/cdnoticias.com\/index.php\/wp-json\/wp\/v2\/types\/post"}],"author":[{"embeddable":true,"href":"https:\/\/cdnoticias.com\/index.php\/wp-json\/wp\/v2\/users\/96739694"}],"replies":[{"embeddable":true,"href":"https:\/\/cdnoticias.com\/index.php\/wp-json\/wp\/v2\/comments?post=136323"}],"version-history":[{"count":0,"href":"https:\/\/cdnoticias.com\/index.php\/wp-json\/wp\/v2\/posts\/136323\/revisions"}],"wp:featuredmedia":[{"embeddable":true,"href":"https:\/\/cdnoticias.com\/index.php\/wp-json\/wp\/v2\/media\/163263"}],"wp:attachment":[{"href":"https:\/\/cdnoticias.com\/index.php\/wp-json\/wp\/v2\/media?parent=136323"}],"wp:term":[{"taxonomy":"category","embeddable":true,"href":"https:\/\/cdnoticias.com\/index.php\/wp-json\/wp\/v2\/categories?post=136323"},{"taxonomy":"post_tag","embeddable":true,"href":"https:\/\/cdnoticias.com\/index.php\/wp-json\/wp\/v2\/tags?post=136323"}],"curies":[{"name":"wp","href":"https:\/\/api.w.org\/{rel}","templated":true}]}}