{"id":136296,"date":"2024-10-10T17:21:44","date_gmt":"2024-10-10T20:21:44","guid":{"rendered":"https:\/\/centraldeportes.com.ar\/?p=56123"},"modified":"2025-02-13T23:10:54","modified_gmt":"2025-02-14T02:10:54","slug":"buen-inicio-de-temporada-para-alejandro-diez","status":"publish","type":"post","link":"https:\/\/cdnoticias.com\/index.php\/2024\/10\/10\/buen-inicio-de-temporada-para-alejandro-diez\/","title":{"rendered":"Buen inicio de temporada para Alejandro Diez"},"content":{"rendered":"<p>Ferro arranc\u00f3 con el pie derecho su andar en la temporada 24\/25 de la Liga Nacional ya que en la noche del mi\u00e9rcoles tuvo su primer festejo.<!--more--><\/p>\n<hr \/>\n<p>Ferro Carril Oeste venci\u00f3 84 a 82 a Pe\u00f1arol y se qued\u00f3 con el primer triunfo del a\u00f1o. No alcanzaron los 40 minutos de juego para definir al ganador ya que hab\u00eda sido empate en 77.<\/p>\n<p>&nbsp;<\/p>\n<p>Oeste y el Milrayita abrieron su temporada con un duelo parejo de principio a fin. El juego din\u00e1mico de ambos equipos, las posesiones largas y las defensas agresivas reinaron hasta el final del encuentro que tuvo a los locales m\u00e1s certeros.<\/p>\n<p>&nbsp;<\/p>\n<p>Alejandro Diez inici\u00f3 una nueva temporada en la m\u00e1xima divisi\u00f3n y fue con 10 puntos, 5 rebotes y 1 asistencia. Adem\u00e1s, complet\u00f3 26:25 minutos.<\/p>\n<p>&nbsp;<\/p>\n<p>Por otro lado, en el equipo de Mar del Plata, Gonzalo Aman fue parte del banco de suplentes sin sumar minutos.<\/p>\n","protected":false},"excerpt":{"rendered":"<p>Ferro arranc\u00f3 con el pie derecho su andar en la temporada 24\/25 de la Liga Nacional ya que en la<\/p>\n","protected":false},"author":96739694,"featured_media":163208,"comment_status":"closed","ping_status":"closed","sticky":false,"template":"","format":"standard","meta":{"_jetpack_memberships_contains_paid_content":false,"footnotes":""},"categories":[31,36,1],"tags":[],"class_list":["post-136296","post","type-post","status-publish","format-standard","has-post-thumbnail","hentry","category-basquet","category-liga-nacional","category-portada"],"jetpack_featured_media_url":"https:\/\/i0.wp.com\/cdnoticias.com\/wp-content\/uploads\/2024\/10\/ferrovpenarol3211-scaled.jpg?fit=2560%2C1707&ssl=1","jetpack_sharing_enabled":true,"_links":{"self":[{"href":"https:\/\/cdnoticias.com\/index.php\/wp-json\/wp\/v2\/posts\/136296","targetHints":{"allow":["GET"]}}],"collection":[{"href":"https:\/\/cdnoticias.com\/index.php\/wp-json\/wp\/v2\/posts"}],"about":[{"href":"https:\/\/cdnoticias.com\/index.php\/wp-json\/wp\/v2\/types\/post"}],"author":[{"embeddable":true,"href":"https:\/\/cdnoticias.com\/index.php\/wp-json\/wp\/v2\/users\/96739694"}],"replies":[{"embeddable":true,"href":"https:\/\/cdnoticias.com\/index.php\/wp-json\/wp\/v2\/comments?post=136296"}],"version-history":[{"count":0,"href":"https:\/\/cdnoticias.com\/index.php\/wp-json\/wp\/v2\/posts\/136296\/revisions"}],"wp:featuredmedia":[{"embeddable":true,"href":"https:\/\/cdnoticias.com\/index.php\/wp-json\/wp\/v2\/media\/163208"}],"wp:attachment":[{"href":"https:\/\/cdnoticias.com\/index.php\/wp-json\/wp\/v2\/media?parent=136296"}],"wp:term":[{"taxonomy":"category","embeddable":true,"href":"https:\/\/cdnoticias.com\/index.php\/wp-json\/wp\/v2\/categories?post=136296"},{"taxonomy":"post_tag","embeddable":true,"href":"https:\/\/cdnoticias.com\/index.php\/wp-json\/wp\/v2\/tags?post=136296"}],"curies":[{"name":"wp","href":"https:\/\/api.w.org\/{rel}","templated":true}]}}