{"id":136283,"date":"2024-10-06T23:25:01","date_gmt":"2024-10-07T02:25:01","guid":{"rendered":"https:\/\/centraldeportes.com.ar\/?p=56046"},"modified":"2025-02-13T23:09:07","modified_gmt":"2025-02-14T02:09:07","slug":"atletismo-fortineros-se-presentaron-en-mar-del-plata","status":"publish","type":"post","link":"https:\/\/cdnoticias.com\/index.php\/2024\/10\/06\/atletismo-fortineros-se-presentaron-en-mar-del-plata\/","title":{"rendered":"Atletismo: \u201cFortineros\u201d se presentaron en Mar del Plata"},"content":{"rendered":"<p>En el transcurso del fin de semana se llev\u00f3 a cabo en la pista Justo Rom\u00e1n de Mar del Plata la \u201cCopa Nacional\u201d de atletismo y representantes de El Fort\u00edn fueron protagonistas.<\/p>\n<p><!--more--><\/p>\n<hr \/>\n<p>Juana Martinefsky, Emiliano D\u00edaz, Bautista Galicchio, Agust\u00edn Bustos, I\u00f1aki Arguindegui, Ignacio Alga\u00f1araz, Bautista Astiz, Alfredo Ardiles, Jerem\u00edas Peralta y Salvador Silvero se presentaron en la ciudad balnearia entre representantes de todo el pa\u00eds.<\/p>\n<p>&nbsp;<\/p>\n<p>El d\u00eda s\u00e1bado y siendo la primera jornada del certamen nacional, Juana Martinefsky tom\u00f3 parte de la 2\u00b0 serie de la prueba de 100 metros y tuvo un tiempo de 12.83.<\/p>\n<p>&nbsp;<\/p>\n<p>Por el lado de los varones, en la prueba de 100 metros tomaron parte Emiliano D\u00edaz, Agust\u00edn Bustos y Bautista Galicchio y en la distancia de 400 metros dijeron presentes I\u00f1aki Arguindegui, Ignacio Alga\u00f1araz, Bautista Astiz y Bautista Galicchio y una vez concluidas las 9 series, Galicchio, Astiz y Arguindegui corrieron la Final donde se ubicaron 8\u00b0, 5\u00b0 y 6\u00b0 respectivamente.<\/p>\n<p>&nbsp;<\/p>\n<p>En los 1500 metros participaron Alfredo Ardiles que logr\u00f3 la 20\u00b0 ubicaci\u00f3n de la final con un registro de 4: 05.93 y Salvador Silvero que fue 37\u00b0 con un registro de 4:30.50.<\/p>\n<p>&nbsp;<\/p>\n<p>En los 10000 metros, Jerem\u00edas Peralta logr\u00f3 la 15\u00b0 ubicaci\u00f3n con un registro de 35:51.56.<\/p>\n<p>&nbsp;<\/p>\n<p>En la segunda jornada de la Copa Nacional de Mayores, Juana Martinefsky particip\u00f3 de los 400 metros con vallas y fue 12\u00b0 y en los 200 metros finaliz\u00f3 13\u00b0 en la clasificaci\u00f3n por tiempo.<\/p>\n<p>&nbsp;<\/p>\n<p>Por el lado de los varones, en los 400 metros con vallas participaron Ignacio Alga\u00f1araz y Agust\u00edn Bustos y en los 200 metros estuvieron Emiliano D\u00edaz, I\u00f1aki Arguindegui, Bautista Gallicchio y Bautista Astiz.<\/p>\n<p>&nbsp;<\/p>\n<p>Alfredo Ardiles logr\u00f3 un registro de 2:01.73 en los 800 metros y tambi\u00e9n particip\u00f3 Salvador Silvero que marc\u00f3 un tiempo de 2:04.30.<\/p>\n<p>&nbsp;<\/p>\n<p>En los 5000 metros, Jerem\u00edas Peralta logr\u00e9 la 27\u00b0 posici\u00f3n con un tiempo de 17:08.92.<\/p>\n<p>&nbsp;<\/p>\n<p>Por \u00faltimo, en las postas \u201cFortineras\u201d, la de 4&#215;100 finaliz\u00f3 en la 5\u00b0 posici\u00f3n con un tiempo de 43.93 en la jornada sabatina y cerrando la competencia nacional, la 4&#215;400 fue 4\u00b0 con un tiempo de 3:25.1.<\/p>\n","protected":false},"excerpt":{"rendered":"<p>En el transcurso del fin de semana se llev\u00f3 a cabo en la pista Justo Rom\u00e1n de Mar del Plata<\/p>\n","protected":false},"author":96739694,"featured_media":163108,"comment_status":"closed","ping_status":"closed","sticky":false,"template":"","format":"standard","meta":{"_jetpack_memberships_contains_paid_content":false,"footnotes":""},"categories":[38,1],"tags":[],"class_list":["post-136283","post","type-post","status-publish","format-standard","has-post-thumbnail","hentry","category-pedestrismo","category-portada"],"jetpack_featured_media_url":"https:\/\/i0.wp.com\/cdnoticias.com\/wp-content\/uploads\/2024\/10\/atletismo.jpg?fit=800%2C445&ssl=1","jetpack_sharing_enabled":true,"_links":{"self":[{"href":"https:\/\/cdnoticias.com\/index.php\/wp-json\/wp\/v2\/posts\/136283","targetHints":{"allow":["GET"]}}],"collection":[{"href":"https:\/\/cdnoticias.com\/index.php\/wp-json\/wp\/v2\/posts"}],"about":[{"href":"https:\/\/cdnoticias.com\/index.php\/wp-json\/wp\/v2\/types\/post"}],"author":[{"embeddable":true,"href":"https:\/\/cdnoticias.com\/index.php\/wp-json\/wp\/v2\/users\/96739694"}],"replies":[{"embeddable":true,"href":"https:\/\/cdnoticias.com\/index.php\/wp-json\/wp\/v2\/comments?post=136283"}],"version-history":[{"count":0,"href":"https:\/\/cdnoticias.com\/index.php\/wp-json\/wp\/v2\/posts\/136283\/revisions"}],"wp:featuredmedia":[{"embeddable":true,"href":"https:\/\/cdnoticias.com\/index.php\/wp-json\/wp\/v2\/media\/163108"}],"wp:attachment":[{"href":"https:\/\/cdnoticias.com\/index.php\/wp-json\/wp\/v2\/media?parent=136283"}],"wp:term":[{"taxonomy":"category","embeddable":true,"href":"https:\/\/cdnoticias.com\/index.php\/wp-json\/wp\/v2\/categories?post=136283"},{"taxonomy":"post_tag","embeddable":true,"href":"https:\/\/cdnoticias.com\/index.php\/wp-json\/wp\/v2\/tags?post=136283"}],"curies":[{"name":"wp","href":"https:\/\/api.w.org\/{rel}","templated":true}]}}