{"id":136282,"date":"2024-10-06T23:11:56","date_gmt":"2024-10-07T02:11:56","guid":{"rendered":"https:\/\/centraldeportes.com.ar\/?p=56043"},"modified":"2025-02-13T23:09:07","modified_gmt":"2025-02-14T02:09:07","slug":"embajadores-y-ferro-se-conformaron-con-el-empate","status":"publish","type":"post","link":"https:\/\/cdnoticias.com\/index.php\/2024\/10\/06\/embajadores-y-ferro-se-conformaron-con-el-empate\/","title":{"rendered":"Embajadores y Ferro se conformaron con el empate"},"content":{"rendered":"<p>Este domingo por la tarde, en el sint\u00e9tico del \u201cTete\u201d Di Carlo, el CEO y el \u201cCarbonero\u201d igualaron sin goles por la 8\u00b0 fecha del Torneo \u201cFatiga\u201d Russo.<!--more--><\/p>\n<hr \/>\n<p>En la antesala del estreno de ambos equipos en la venidera edici\u00f3n del Federal Amateur, <strong>Embajadores y Ferro<\/strong> volvieron a verse las caras este domingo, pero <strong>no pasaron del empate en el sint\u00e9tico del Clemente \u201cTete\u201d Di Carlo<\/strong>.<\/p>\n<p>&nbsp;<\/p>\n<p><strong>Si bien las chances de gol no faltaron, el tr\u00e1mite de juego fue discreto y terminaron repartiendo puntos tras igualar 0 a 0<\/strong>. Fue en el marco de la <strong>8\u00b0 fecha del campeonato local \u201cFatiga\u201d Russo<\/strong>. Adem\u00e1s, con esta paridad, el \u201cCarbonero\u201d cedi\u00f3 la cima de la Zona A ahora liderada por Estudiantes, quien gan\u00f3 su compromiso ante Espigas.<\/p>\n<p>&nbsp;<\/p>\n<ul>\n<li>\n<h6><strong>El partido<\/strong><\/h6>\n<\/li>\n<\/ul>\n<p>&nbsp;<\/p>\n<p>A pesar de no ser claro dominador, el \u201cCarbonero\u201d se mostr\u00f3 ligeramente mejor durante la primera mitad, le disput\u00f3 la tenencia a un equipo que sabe de eso como lo es Embajadores y, con viento a favor, gener\u00f3 cierto peligro en el \u00e1rea local.<\/p>\n<p>&nbsp;<\/p>\n<p>[soliloquy id=&#8221;56037&#8243;]<\/p>\n<p>&nbsp;<\/p>\n<p>Las dos m\u00e1s claras se dieron en corta diferencia. A los 16\u2019, luego de un centro pasado de Campos, Gonz\u00e1lez apareci\u00f3 por el segundo palo para empujarla de cabeza, pero la pelota termin\u00f3 impactando en la parte externa del parante. <strong>M\u00e1s tarde, Rizzi (ligeramente adelantado) se estir\u00f3 de forma notable para negarle el gol a Garro, quien prob\u00f3 de media distancia por encima del arquero a los 20\u2019.<\/strong><\/p>\n<p>&nbsp;<\/p>\n<p>Embajadores no tard\u00f3 en responder en la acci\u00f3n siguiente, de clar\u00edsima oportunidad. <strong>Sacchi, de cabeza, impact\u00f3 en el travesa\u00f1o una pelota que cay\u00f3 flotada al \u00e1rea y, en el rebote, no pudo encontrar el tiro \u201cLuli\u201d Rojas, interceptado por defensores \u201cCarboneros\u201d<\/strong>. Todo cuando corr\u00edan 22\u2019 en el cron\u00f3metro.<\/p>\n<p>&nbsp;<\/p>\n<p>Tiempo despu\u00e9s, los dos bajaron la intensidad y el partido se torn\u00f3 opaco hasta las acciones del segundo tiempo, donde el CEO fue m\u00e1s y recuper\u00f3 la posesi\u00f3n para desplegar su juego. Enseguida, a los 47\u2019, \u201cChiky\u201d Borda, parado en el primer palo, alcanz\u00f3 a rechazar un frentazo de Sacher (post tiro de esquina) que ten\u00eda destino de gol.<\/p>\n<p>&nbsp;<\/p>\n<p><strong>Y si en la primera mitad se luci\u00f3 Rizzi, esta vez le toc\u00f3 a Vedelini, que respondi\u00f3 bien cada vez que le toc\u00f3 participar y tap\u00f3 dos pelotas clave<\/strong>. En el minuto 70\u2019, el arquero hinojense le neg\u00f3 la apertura del marcador a Rojas cerca del \u00e1rea chica y luego, a los 80\u2019, descolg\u00f3 del \u00e1ngulo un disparo de G\u00f3mez (reci\u00e9n ingresado) de media distancia.<\/p>\n<p>&nbsp;<\/p>\n<p><strong>Sin tiempo para m\u00e1s, Embajadores y Ferro debieron conformarse con el empate aunque a\u00fan se mantienen vigente en los puestos de vanguardia de la Zona A.<\/strong><\/p>\n<p>&nbsp;<\/p>\n<p><strong>S\u00edntesis Embajadores \u2013 Ferro Carril Sud:<\/strong><\/p>\n<p><strong>Embajadores (0):<\/strong> Gonzalo Rizzi; Bruno Di Bello, Federico Sacher, Franco Carlucci (L. Sasali), Nahuel Moro; Alexander Rubio, Franco Irusta, Juan Manuel \u00c1lvarez, Sebasti\u00e1n Vecchio (E. G\u00f3mez); Santino Sacchi (A. Di Carlo) y Luciano Rojas (M. Da Rosa). DT: Gualterio Mantovani (M. Valderrey suspendido).<\/p>\n<p><strong>Ferro (0):<\/strong> Franco Vedelini; Emanuel Teves, Franco Aguirre, Math\u00edas Buongiorno, Thiago Degenhart; Jonathan Campos, Gast\u00f3n Borda, Ram\u00f3n S\u00e1nchez (M. Gargaglione), Yoel Gonz\u00e1lez (J. Ponce); Rodrigo Garro y Joaqu\u00edn Stular (M. Abent\u00edn). DT: Luis Mur\u00faa.<\/p>\n<p><strong>Goles: <\/strong>No hubo.<\/p>\n<p><strong>Amonestados:<\/strong> Di Bello y Vecchio (Embajadores); Aguirre, Buongiorno, Borda, Campos y Garro.<\/p>\n<p><strong>Expulsados:<\/strong> No hubo.<\/p>\n<p><strong>\u00c1rbitro:<\/strong> Lisandro Rodr\u00edguez. <strong>Estadio:<\/strong> Clemente \u201cTete\u201d Di Carlo.<\/p>\n<p><strong>Reserva:<\/strong> Embajadores<strong> 1 \u2013 0<\/strong> Ferro.<\/p>\n<p>&nbsp;<\/p>\n<p><em><strong>Fotos: Ver\u00f3nica Vivas \/\/ @verito_fotografias.<\/strong><\/em><\/p>\n","protected":false},"excerpt":{"rendered":"<p>Este domingo por la tarde, en el sint\u00e9tico del \u201cTete\u201d Di Carlo, el CEO y el \u201cCarbonero\u201d igualaron sin goles<\/p>\n","protected":false},"author":96739694,"featured_media":163110,"comment_status":"closed","ping_status":"closed","sticky":false,"template":"","format":"standard","meta":{"_jetpack_memberships_contains_paid_content":false,"footnotes":""},"categories":[35,1,41],"tags":[],"class_list":["post-136282","post","type-post","status-publish","format-standard","has-post-thumbnail","hentry","category-futbol","category-portada","category-primera-y-reserva"],"jetpack_featured_media_url":"https:\/\/i0.wp.com\/cdnoticias.com\/wp-content\/uploads\/2024\/10\/lfo-4.jpg?fit=1280%2C853&ssl=1","jetpack_sharing_enabled":true,"_links":{"self":[{"href":"https:\/\/cdnoticias.com\/index.php\/wp-json\/wp\/v2\/posts\/136282","targetHints":{"allow":["GET"]}}],"collection":[{"href":"https:\/\/cdnoticias.com\/index.php\/wp-json\/wp\/v2\/posts"}],"about":[{"href":"https:\/\/cdnoticias.com\/index.php\/wp-json\/wp\/v2\/types\/post"}],"author":[{"embeddable":true,"href":"https:\/\/cdnoticias.com\/index.php\/wp-json\/wp\/v2\/users\/96739694"}],"replies":[{"embeddable":true,"href":"https:\/\/cdnoticias.com\/index.php\/wp-json\/wp\/v2\/comments?post=136282"}],"version-history":[{"count":0,"href":"https:\/\/cdnoticias.com\/index.php\/wp-json\/wp\/v2\/posts\/136282\/revisions"}],"wp:featuredmedia":[{"embeddable":true,"href":"https:\/\/cdnoticias.com\/index.php\/wp-json\/wp\/v2\/media\/163110"}],"wp:attachment":[{"href":"https:\/\/cdnoticias.com\/index.php\/wp-json\/wp\/v2\/media?parent=136282"}],"wp:term":[{"taxonomy":"category","embeddable":true,"href":"https:\/\/cdnoticias.com\/index.php\/wp-json\/wp\/v2\/categories?post=136282"},{"taxonomy":"post_tag","embeddable":true,"href":"https:\/\/cdnoticias.com\/index.php\/wp-json\/wp\/v2\/tags?post=136282"}],"curies":[{"name":"wp","href":"https:\/\/api.w.org\/{rel}","templated":true}]}}