{"id":136278,"date":"2024-10-05T23:15:10","date_gmt":"2024-10-06T02:15:10","guid":{"rendered":"https:\/\/centraldeportes.com.ar\/?p=56010"},"modified":"2025-02-13T23:09:16","modified_gmt":"2025-02-14T02:09:16","slug":"racing-cerro-la-primera-rueda-con-derrota-en-necochea","status":"publish","type":"post","link":"https:\/\/cdnoticias.com\/index.php\/2024\/10\/05\/racing-cerro-la-primera-rueda-con-derrota-en-necochea\/","title":{"rendered":"Racing cerr\u00f3 la primera rueda con derrota en Necochea"},"content":{"rendered":"<p>El \u201cChaira\u201d, que no levanta cabeza en el Pre-Federal, cay\u00f3 82 \u2013 76 ante Centro Basko y estir\u00f3 su mal momento con ocho derrotas en cadena. La pr\u00f3xima jornada ser\u00e1 ante Estudiantes en el \u201cMaxi\u201d.<!--more--><\/p>\n<hr \/>\n<p><strong>Racing<\/strong> culmin\u00f3 una primera rueda del <strong>Torneo Pre-Federal<\/strong> para el olvido. Este s\u00e1bado por la noche, en la continuidad del certamen provincial, <strong>sum\u00f3 una nueva ca\u00edda en la ruta y encasill\u00f3 la octava seguida en la competencia<\/strong>.<\/p>\n<p>&nbsp;<\/p>\n<p><strong>Por la 9\u00b0 fecha de la Zona Sur, el \u201cChaira\u201d cay\u00f3 82 a 76 frente a Centro Basko de Necochea<\/strong>, equipo que domin\u00f3 el tanteador desde el principio de las acciones y sum\u00f3 su tercer festejo al hilo (Club de Pelota y Uni\u00f3n y Progreso los anteriores).<\/p>\n<p>&nbsp;<\/p>\n<p><strong>Sebasti\u00e1n \u201cCholo\u201d D\u2019Alessio<\/strong> <strong>con 18 puntos<\/strong> y 6 rebotes, seguido de <strong>Mat\u00edas Santana con 14 tantos<\/strong>, 6 rebotes y 1 asistencia fueron los puntos altos en el conjunto de Mat\u00edas Orlando.<\/p>\n<p>&nbsp;<\/p>\n<p>El t\u00edtulo de goleador de la noche qued\u00f3 para<strong> Thiago Dasso, autor de 27 puntos para \u201cLos Toros\u201d<\/strong>. Fue bien secundado por <strong>\u00c1ngel Torres<\/strong> y <strong>Francisco G\u00f3mez<\/strong> con 16 y 15 unidades, respectivamente.<\/p>\n<p>&nbsp;<\/p>\n<p>Sin margen de error y con la obligaci\u00f3n de sacar varios triunfos para entrar a los Play-Off, <strong>Racing iniciar\u00e1 la segunda rueda contra su cl\u00e1sico rival, Estudiantes<\/strong>. El partido ser\u00e1 el pr\u00f3ximo jueves desde las 21:00 en el Maxigimnasio del Parque Carlos Guerrero.<\/p>\n<hr \/>\n<p><img data-recalc-dims=\"1\" loading=\"lazy\" decoding=\"async\" class=\"aligncenter size-full wp-image-56012\" src=\"https:\/\/i0.wp.com\/cdnoticias.com\/wp-content\/uploads\/2024\/10\/Pre-Federal-Zona-Sur-9%C2%B0-fecha-posiciones.png?resize=787%2C443&#038;ssl=1\" alt=\"\" width=\"787\" height=\"443\" \/><\/p>\n<hr \/>\n<p><strong>S\u00edntesis Centro Basko (Necochea) \u2013 Racing: <\/strong><\/p>\n<p>Estadio: Centro Basko.<\/p>\n<p><strong>Centro Basko (82):<\/strong> <strong>G\u00f3mez (15), Bourdal (11), Betbeder (4), Dasso (27), Torres (16) \u2013 FI \u2013 Rodr\u00edguez (0), Vel\u00e1zquez (0), Pereyra (0), Sauthier (3), Saltape (0), Negri, M. (0), Negri, J. (6). DT: Mariano Pinto.<\/strong><\/p>\n<p><strong>Racing (76): V\u00e1zquez (5), Santana, Mat. (14), Yaben (10), D\u00b4Alessio (18), Alonso (12) \u2013 FI \u2013 Santana, Mar. (11), Melo (3), Larregina (0), Silber (0), D\u00edaz Herrera (0), D\u00edaz (0), Baffo (3). DT: Mat\u00edas Orlando.<\/strong><\/p>\n<p>Parciales: 17 \u2013 15; 40 \u2013 32; 62 \u2013 54 y 82 \u2013 76.<\/p>\n<p>&nbsp;<\/p>\n<p><em><strong>Foto: Gustavo Burgardt (Archivo).<\/strong><\/em><\/p>\n","protected":false},"excerpt":{"rendered":"<p>El \u201cChaira\u201d, que no levanta cabeza en el Pre-Federal, cay\u00f3 82 \u2013 76 ante Centro Basko y estir\u00f3 su mal<\/p>\n","protected":false},"author":96739694,"featured_media":163130,"comment_status":"closed","ping_status":"closed","sticky":false,"template":"","format":"standard","meta":{"_jetpack_memberships_contains_paid_content":false,"footnotes":""},"categories":[31,1,60],"tags":[],"class_list":["post-136278","post","type-post","status-publish","format-standard","has-post-thumbnail","hentry","category-basquet","category-portada","category-torneo-pre-federal"],"jetpack_featured_media_url":"https:\/\/i0.wp.com\/cdnoticias.com\/wp-content\/uploads\/2024\/10\/TPF-Centro-Basko-vs-Racing-archivo-e1728180882334.jpeg?fit=1000%2C655&ssl=1","jetpack_sharing_enabled":true,"_links":{"self":[{"href":"https:\/\/cdnoticias.com\/index.php\/wp-json\/wp\/v2\/posts\/136278","targetHints":{"allow":["GET"]}}],"collection":[{"href":"https:\/\/cdnoticias.com\/index.php\/wp-json\/wp\/v2\/posts"}],"about":[{"href":"https:\/\/cdnoticias.com\/index.php\/wp-json\/wp\/v2\/types\/post"}],"author":[{"embeddable":true,"href":"https:\/\/cdnoticias.com\/index.php\/wp-json\/wp\/v2\/users\/96739694"}],"replies":[{"embeddable":true,"href":"https:\/\/cdnoticias.com\/index.php\/wp-json\/wp\/v2\/comments?post=136278"}],"version-history":[{"count":0,"href":"https:\/\/cdnoticias.com\/index.php\/wp-json\/wp\/v2\/posts\/136278\/revisions"}],"wp:featuredmedia":[{"embeddable":true,"href":"https:\/\/cdnoticias.com\/index.php\/wp-json\/wp\/v2\/media\/163130"}],"wp:attachment":[{"href":"https:\/\/cdnoticias.com\/index.php\/wp-json\/wp\/v2\/media?parent=136278"}],"wp:term":[{"taxonomy":"category","embeddable":true,"href":"https:\/\/cdnoticias.com\/index.php\/wp-json\/wp\/v2\/categories?post=136278"},{"taxonomy":"post_tag","embeddable":true,"href":"https:\/\/cdnoticias.com\/index.php\/wp-json\/wp\/v2\/tags?post=136278"}],"curies":[{"name":"wp","href":"https:\/\/api.w.org\/{rel}","templated":true}]}}