{"id":136264,"date":"2024-10-03T02:33:49","date_gmt":"2024-10-03T05:33:49","guid":{"rendered":"https:\/\/centraldeportes.com.ar\/?p=55914"},"modified":"2025-02-13T23:08:08","modified_gmt":"2025-02-14T02:08:08","slug":"la-sub-15-de-olavarria-en-tablas-con-azul","status":"publish","type":"post","link":"https:\/\/cdnoticias.com\/index.php\/2024\/10\/03\/la-sub-15-de-olavarria-en-tablas-con-azul\/","title":{"rendered":"La Sub 15 de Olavarr\u00eda, en tablas con Azul"},"content":{"rendered":"<p>Por la pen\u00faltima fecha de la Zona 1, el conjunto olavarriense igual\u00f3 sin goles ante el representativo de la vecina ciudad y qued\u00f3 al margen de la clasificaci\u00f3n.<!--more--><\/p>\n<hr \/>\n<p>En la tarde de este mi\u00e9rcoles, la <strong>Selecci\u00f3n Sub 15 de Olavarr\u00eda<\/strong> afront\u00f3 la <strong>5\u00b0 fecha del Torneo Federal de Selecciones<\/strong> y fue con empate ante el combinado de la ciudad de <strong>Azul<\/strong>.<\/p>\n<p>&nbsp;<\/p>\n<p>Tras quedar libre nuevamente la jornada pasada, <strong>el combinado formativo dirigido por Dardo Seibel igual\u00f3 0 a 0 con el seleccionado azule\u00f1o<\/strong> en el Emilio S. Puente.<\/p>\n<p>&nbsp;<\/p>\n<p>Tal resultado le jug\u00f3 una mala pasada a los representantes de nuestra ciudad, que deb\u00edan sumar de a tres para disputar la chance de clasificaci\u00f3n ante la <strong>Liga del Sur<\/strong>.<\/p>\n<p>&nbsp;<\/p>\n<p>No obstante,<strong> la semana pr\u00f3xima, recibir\u00e1n en nuestra ciudad a los bahienses para darle cierre a la fase de grupos<\/strong> en la \u00faltima fecha del certamen federal.<\/p>\n<hr \/>\n<p><img data-recalc-dims=\"1\" loading=\"lazy\" decoding=\"async\" class=\"aligncenter size-full wp-image-55918\" src=\"https:\/\/i0.wp.com\/cdnoticias.com\/wp-content\/uploads\/2024\/10\/TNS-Sub-15-Posiciones-Fecha-5.png?resize=789%2C196&#038;ssl=1\" alt=\"\" width=\"789\" height=\"196\" \/><\/p>\n<hr \/>\n<p><em><strong>Foto: Prensa LFO.<\/strong><\/em><\/p>\n","protected":false},"excerpt":{"rendered":"<p>Por la pen\u00faltima fecha de la Zona 1, el conjunto olavarriense igual\u00f3 sin goles ante el representativo de la vecina<\/p>\n","protected":false},"author":96739694,"featured_media":163037,"comment_status":"closed","ping_status":"closed","sticky":false,"template":"","format":"standard","meta":{"_jetpack_memberships_contains_paid_content":false,"footnotes":""},"categories":[35,40,1],"tags":[],"class_list":["post-136264","post","type-post","status-publish","format-standard","has-post-thumbnail","hentry","category-futbol","category-inferiores","category-portada"],"jetpack_featured_media_url":"https:\/\/i0.wp.com\/cdnoticias.com\/wp-content\/uploads\/2024\/10\/TNS-Fecha-5-Seleccion-LFO-Sub-15-vs-Azull-e1727933599391.jpg?fit=1000%2C613&ssl=1","jetpack_sharing_enabled":true,"_links":{"self":[{"href":"https:\/\/cdnoticias.com\/index.php\/wp-json\/wp\/v2\/posts\/136264","targetHints":{"allow":["GET"]}}],"collection":[{"href":"https:\/\/cdnoticias.com\/index.php\/wp-json\/wp\/v2\/posts"}],"about":[{"href":"https:\/\/cdnoticias.com\/index.php\/wp-json\/wp\/v2\/types\/post"}],"author":[{"embeddable":true,"href":"https:\/\/cdnoticias.com\/index.php\/wp-json\/wp\/v2\/users\/96739694"}],"replies":[{"embeddable":true,"href":"https:\/\/cdnoticias.com\/index.php\/wp-json\/wp\/v2\/comments?post=136264"}],"version-history":[{"count":0,"href":"https:\/\/cdnoticias.com\/index.php\/wp-json\/wp\/v2\/posts\/136264\/revisions"}],"wp:featuredmedia":[{"embeddable":true,"href":"https:\/\/cdnoticias.com\/index.php\/wp-json\/wp\/v2\/media\/163037"}],"wp:attachment":[{"href":"https:\/\/cdnoticias.com\/index.php\/wp-json\/wp\/v2\/media?parent=136264"}],"wp:term":[{"taxonomy":"category","embeddable":true,"href":"https:\/\/cdnoticias.com\/index.php\/wp-json\/wp\/v2\/categories?post=136264"},{"taxonomy":"post_tag","embeddable":true,"href":"https:\/\/cdnoticias.com\/index.php\/wp-json\/wp\/v2\/tags?post=136264"}],"curies":[{"name":"wp","href":"https:\/\/api.w.org\/{rel}","templated":true}]}}