{"id":136261,"date":"2024-10-02T22:28:52","date_gmt":"2024-10-03T01:28:52","guid":{"rendered":"https:\/\/centraldeportes.com.ar\/?p=55897"},"modified":"2025-02-13T23:08:11","modified_gmt":"2025-02-14T02:08:11","slug":"tres-ciclistas-olavarrienses-lograron-medallas-en-el-campeonato-argentino","status":"publish","type":"post","link":"https:\/\/cdnoticias.com\/index.php\/2024\/10\/02\/tres-ciclistas-olavarrienses-lograron-medallas-en-el-campeonato-argentino\/","title":{"rendered":"Tres ciclistas olavarrienses lograron medallas en el Campeonato Argentino"},"content":{"rendered":"<p>Nehu\u00e9n Erripa, Charo Posse y Adri\u00e1n Castro hicieron notorio aporte al medallero de la Federaci\u00f3n Olavarr\u00eda Centro que compiti\u00f3 la pasada semana en el Campeonato Argentino que se llev\u00f3 a cabo en San Juan.<!--more--><\/p>\n<hr \/>\n<p>La competencia comenz\u00f3 el martes 24 y finaliz\u00f3 el s\u00e1bado 28 de septiembre. La sede fue el vel\u00f3dromo Vicente Alejo Chancay, en Pocito. Las categor\u00edas participantes fueron Menores, Junior, Sub 23, Elite y Adaptado. Hubo m\u00e1s de 300 ciclistas participantes. La organizaci\u00f3n correspondi\u00f3 a la Federaci\u00f3n Ciclista Sanjuanina y la fiscalizaci\u00f3n de la Federaci\u00f3n Argentina de Ciclismo de Pista y Ruta.<\/p>\n<p>&nbsp;<\/p>\n<p>Por segundo a\u00f1o consecutivo las competencias que re\u00fanen a los mejores ciclistas del pa\u00eds se llevaron a cabo en Pocito y fue con medallas para Erripa, Castro y Posse.<\/p>\n<p>&nbsp;<\/p>\n<p>El primer festejo fue el de Erripa que se consagr\u00f3 campe\u00f3n argentino en la modalidad Scratch Sub23 y luego, en la modalidad Vueltas Puntuables se colg\u00f3 la medalla de plata con 85 puntos, por detr\u00e1s del puntano Santiago Videla.<\/p>\n<p>&nbsp;<\/p>\n<p>Por otro lado, Charo Posse tambi\u00e9n se subi\u00f3 al podio y fue en la prueba de Keir\u00edn donde termin\u00f3 en el segundo lugar.<\/p>\n<p>&nbsp;<\/p>\n<p>Por \u00faltimo, Adri\u00e1n Castro aport\u00f3 un tercer puesto en la prueba de 500 metros.<\/p>\n<p>&nbsp;<\/p>\n<p>Con el aporte olavarriense, la Federaci\u00f3n finaliz\u00f3 en el 13\u00b0 lugar del medallero con seis preseas. Mat\u00edas Murillo de Carlos Casares en Keir\u00edn y en kil\u00f3metro, sum\u00f3 las otras dos.<\/p>\n","protected":false},"excerpt":{"rendered":"<p>Nehu\u00e9n Erripa, Charo Posse y Adri\u00e1n Castro hicieron notorio aporte al medallero de la Federaci\u00f3n Olavarr\u00eda Centro que compiti\u00f3 la<\/p>\n","protected":false},"author":96739694,"featured_media":163040,"comment_status":"closed","ping_status":"closed","sticky":false,"template":"","format":"standard","meta":{"_jetpack_memberships_contains_paid_content":false,"footnotes":""},"categories":[30,1],"tags":[],"class_list":["post-136261","post","type-post","status-publish","format-standard","has-post-thumbnail","hentry","category-polideportivo","category-portada"],"jetpack_featured_media_url":"https:\/\/i0.wp.com\/cdnoticias.com\/wp-content\/uploads\/2024\/10\/depo-sanjuan-e1727918928977.jpeg?fit=800%2C457&ssl=1","jetpack_sharing_enabled":true,"_links":{"self":[{"href":"https:\/\/cdnoticias.com\/index.php\/wp-json\/wp\/v2\/posts\/136261","targetHints":{"allow":["GET"]}}],"collection":[{"href":"https:\/\/cdnoticias.com\/index.php\/wp-json\/wp\/v2\/posts"}],"about":[{"href":"https:\/\/cdnoticias.com\/index.php\/wp-json\/wp\/v2\/types\/post"}],"author":[{"embeddable":true,"href":"https:\/\/cdnoticias.com\/index.php\/wp-json\/wp\/v2\/users\/96739694"}],"replies":[{"embeddable":true,"href":"https:\/\/cdnoticias.com\/index.php\/wp-json\/wp\/v2\/comments?post=136261"}],"version-history":[{"count":0,"href":"https:\/\/cdnoticias.com\/index.php\/wp-json\/wp\/v2\/posts\/136261\/revisions"}],"wp:featuredmedia":[{"embeddable":true,"href":"https:\/\/cdnoticias.com\/index.php\/wp-json\/wp\/v2\/media\/163040"}],"wp:attachment":[{"href":"https:\/\/cdnoticias.com\/index.php\/wp-json\/wp\/v2\/media?parent=136261"}],"wp:term":[{"taxonomy":"category","embeddable":true,"href":"https:\/\/cdnoticias.com\/index.php\/wp-json\/wp\/v2\/categories?post=136261"},{"taxonomy":"post_tag","embeddable":true,"href":"https:\/\/cdnoticias.com\/index.php\/wp-json\/wp\/v2\/tags?post=136261"}],"curies":[{"name":"wp","href":"https:\/\/api.w.org\/{rel}","templated":true}]}}