{"id":136258,"date":"2024-10-01T22:01:41","date_gmt":"2024-10-02T01:01:41","guid":{"rendered":"https:\/\/centraldeportes.com.ar\/?p=55879"},"modified":"2025-02-13T23:08:14","modified_gmt":"2025-02-14T02:08:14","slug":"chingotto-y-galan-arrancaron-por-buen-camino-paris","status":"publish","type":"post","link":"https:\/\/cdnoticias.com\/index.php\/2024\/10\/01\/chingotto-y-galan-arrancaron-por-buen-camino-paris\/","title":{"rendered":"Chingotto y Gal\u00e1n arrancaron por buen camino Par\u00eds"},"content":{"rendered":"<p>Con total dominio en el 20&#215;10, derrotaron este martes a Cepero \u2013 Ben\u00edtez Lara en el partido debut y avanzaron a los octavos de final del Major franc\u00e9s.<!--more--><\/p>\n<hr \/>\n<p>El circuito de <strong>Premier Padel<\/strong> desembarc\u00f3 en la capital francesa para uno de los torneos m\u00e1s importantes de la temporada y, en su partido estreno dentro del cuadro principal, <strong>\u201cFede\u201d Chingotto y Ale Gal\u00e1n sacaron una r\u00e1pida victoria<\/strong>.<\/p>\n<p>&nbsp;<\/p>\n<p>Este martes, por dieciseisavos, <strong>derrotaron en sets corridos a \u00c1lvaro Cepero y Miguel Ben\u00edtez Lara<\/strong> y lograron el pase directo a octavos de final del Major parisino.<\/p>\n<p>&nbsp;<\/p>\n<p><img data-recalc-dims=\"1\" loading=\"lazy\" decoding=\"async\" class=\"aligncenter size-full wp-image-55881\" src=\"https:\/\/i0.wp.com\/cdnoticias.com\/wp-content\/uploads\/2024\/10\/Chingotto-Galan-Major-de-Paris-16avos-e1727830872924.jpg?resize=800%2C546&#038;ssl=1\" alt=\"\" width=\"800\" height=\"546\" \/><\/p>\n<p>&nbsp;<\/p>\n<p><strong>Fue por 6 \u2013 2 y 6 \u2013 0 en poco menos de una hora de partido disputado en la pista central del Philippe Chatrier.<\/strong><\/p>\n<p>&nbsp;<\/p>\n<p>Ya ubicados entre las diecis\u00e9is mejores parejas de la competencia, el olavarriense y el madrile\u00f1o volver\u00e1n a jugar este jueves. <strong>Su rival saldr\u00e1 del enfrentamiento entre Hern\u00e1ndez \u2013 Dom\u00ednguez y Patiniotis \u2013 Moya<\/strong>.<\/p>\n<p>&nbsp;<\/p>\n<p><em><strong>Fotos: Premier Padel.<\/strong><\/em><\/p>\n","protected":false},"excerpt":{"rendered":"<p>Con total dominio en el 20&#215;10, derrotaron este martes a Cepero \u2013 Ben\u00edtez Lara en el partido debut y avanzaron<\/p>\n","protected":false},"author":96739694,"featured_media":163048,"comment_status":"closed","ping_status":"closed","sticky":false,"template":"","format":"standard","meta":{"_jetpack_memberships_contains_paid_content":false,"footnotes":""},"categories":[1,55],"tags":[],"class_list":["post-136258","post","type-post","status-publish","format-standard","has-post-thumbnail","hentry","category-portada","category-tenis-padel"],"jetpack_featured_media_url":"https:\/\/i0.wp.com\/cdnoticias.com\/wp-content\/uploads\/2024\/10\/Chingotto-Galan-Major-de-Paris-16avos1-e1727830843538.jpg?fit=800%2C525&ssl=1","jetpack_sharing_enabled":true,"_links":{"self":[{"href":"https:\/\/cdnoticias.com\/index.php\/wp-json\/wp\/v2\/posts\/136258","targetHints":{"allow":["GET"]}}],"collection":[{"href":"https:\/\/cdnoticias.com\/index.php\/wp-json\/wp\/v2\/posts"}],"about":[{"href":"https:\/\/cdnoticias.com\/index.php\/wp-json\/wp\/v2\/types\/post"}],"author":[{"embeddable":true,"href":"https:\/\/cdnoticias.com\/index.php\/wp-json\/wp\/v2\/users\/96739694"}],"replies":[{"embeddable":true,"href":"https:\/\/cdnoticias.com\/index.php\/wp-json\/wp\/v2\/comments?post=136258"}],"version-history":[{"count":0,"href":"https:\/\/cdnoticias.com\/index.php\/wp-json\/wp\/v2\/posts\/136258\/revisions"}],"wp:featuredmedia":[{"embeddable":true,"href":"https:\/\/cdnoticias.com\/index.php\/wp-json\/wp\/v2\/media\/163048"}],"wp:attachment":[{"href":"https:\/\/cdnoticias.com\/index.php\/wp-json\/wp\/v2\/media?parent=136258"}],"wp:term":[{"taxonomy":"category","embeddable":true,"href":"https:\/\/cdnoticias.com\/index.php\/wp-json\/wp\/v2\/categories?post=136258"},{"taxonomy":"post_tag","embeddable":true,"href":"https:\/\/cdnoticias.com\/index.php\/wp-json\/wp\/v2\/tags?post=136258"}],"curies":[{"name":"wp","href":"https:\/\/api.w.org\/{rel}","templated":true}]}}