{"id":136250,"date":"2024-09-30T17:32:37","date_gmt":"2024-09-30T20:32:37","guid":{"rendered":"https:\/\/centraldeportes.com.ar\/?p=55816"},"modified":"2025-02-13T23:08:21","modified_gmt":"2025-02-14T02:08:21","slug":"deportista-chillarense-se-lucio-en-el-campeonato-sudamericano-sub23","status":"publish","type":"post","link":"https:\/\/cdnoticias.com\/index.php\/2024\/09\/30\/deportista-chillarense-se-lucio-en-el-campeonato-sudamericano-sub23\/","title":{"rendered":"Deportista chillarense se luci\u00f3 en el Campeonato Sudamericano Sub23"},"content":{"rendered":"<p>Juan Arrieguez, se qued\u00f3 el pasado viernes con la medalla de oro en la prueba de lanzamiento de bala, tras clasificar primero en su presentaci\u00f3n en el Campeonato Sudamericano de la categor\u00eda U23 de Atletismo que se lleva a cabo en\u00a0 Bucaramanga, Colombia.<!--more--><\/p>\n<hr \/>\n<p>Cerca de 350 atletas de 12 pa\u00edses del \u00e1rea participaron del Campeonato Sudamericano Sub23 y Juan Arrieguez, consigui\u00f3 la primera medalla de oro para Argentina en el Estadio Luis Figueroa Rey.<\/p>\n<p>&nbsp;<\/p>\n<p>El representante de la Escuela Municipal de Azul fue el encargado de darle el primer lauro a la delegaci\u00f3n de nuestro pa\u00eds, al iniciarse el certamen internacional en el Estadio Luis Figueroa Rey, donde obtuvo un registro de 17.73 m., delante del colombiano Ronald Grueso (radicado en Washington, Estados Unidos), quien logr\u00f3 la marca de 17.36, y del brasile\u00f1o Vinicius Darolt Avancini con 17.32.<\/p>\n<p>&nbsp;<\/p>\n<p>Por otra parte, adem\u00e1s de Arrieguez, tambi\u00e9n compiten y compitieron otros 22 atletas en el Campeonato Sudamericano u23.<\/p>\n<p>&nbsp;<\/p>\n<p><em><strong>Tercera medalla\u00a0continental<\/strong><\/em><\/p>\n<p>Arrieguez en su historial deportivo cuanta con varias medallas de oro, plata y bronce. Las mismas fueron conseguidas en los Juegos Bonaerenses y en los campeonatos regionales, nacionales e internacionales. Respecto a estos \u00faltimos cert\u00e1menes, el chillarense consigui\u00f3 su primera medalla de oro; mientras que tiene dos preseas de bronce en U20 y U23. La primera ocurri\u00f3 en 2021 en Lima, Per\u00fa y la otra se dio al a\u00f1o siguiente en Cascavel, Brasil.<\/p>\n<p>&nbsp;<\/p>\n<p>Tres a\u00f1os atr\u00e1s el chillarense hac\u00eda historia en la capital peruana, donde fue parte del combinado nacional que represent\u00f3 al pa\u00eds en la 43\u00b0 edici\u00f3n del Campeonato Sudamericano U20 que se disput\u00f3 en el Estadio Atl\u00e9tico de la Videna, bajo la organizaci\u00f3n de la Confederaci\u00f3n Sudamericana. Logr\u00f3 la medalla de bronce en el lanzamiento de bala, al lanzar el implemento a 17.02 metros. Mientras que la prueba fue ganada por el colombiano Grueso con 17.88 metros. Ahora este atleta, en la siguiente categor\u00eda qued\u00f3 segundo, detr\u00e1s del chillarense.<\/p>\n<p>&nbsp;<\/p>\n<p>Un a\u00f1o despu\u00e9s, el pupilo de Julio Pi\u00f1ero, quien tambi\u00e9n se encuentra en Colombia, tras formar parte del staff t\u00e9cnico de la delegaci\u00f3n argentina, particip\u00f3 en la d\u00e9cima edici\u00f3n del Campeonato Sudamericano U23 que se llev\u00f3 en la ciudad brasilera. En ese momento, el integrante de la Escuela Municipal de Atletismo, quien militaba su \u00faltimo a\u00f1o como juvenil, y que en ese 2022 tuvo su gran salto, que lo llev\u00f3 a ubicarse entre los ocho mejores en el Campeonato Mundial U20, volvi\u00f3 a estar entre los mejores sudamericanos, al obtener el tercer puesto con una marca de 17.21 metros, registro que lo obtuvo en su sexto intento.<\/p>\n<p>&nbsp;<\/p>\n<p>Con estos antecedentes, Arrieguez augura un promisorio futuro en las posteriores pruebas internacionales del Impulso de Bala. Por lo pronto, la delegaci\u00f3n argentina estar\u00eda llegando a nuestro pa\u00eds el martes, jornada que el atleta chillarense podr\u00eda llegar a Chillar, donde sus coterr\u00e1neos lo esperar\u00edan con otro gran recibimiento como ocurri\u00f3 en 2022, tras competir en XIX\u00b0 edici\u00f3n del campeonato Mundial U20 que se llev\u00f3 a cabo en Cali, Colombia, donde ocup\u00f3 el octavo lugar en la final.<\/p>\n<p>&nbsp;<\/p>\n<p>&nbsp;<\/p>\n<p>&nbsp;<\/p>\n","protected":false},"excerpt":{"rendered":"<p>Juan Arrieguez, se qued\u00f3 el pasado viernes con la medalla de oro en la prueba de lanzamiento de bala, tras<\/p>\n","protected":false},"author":96739694,"featured_media":163066,"comment_status":"closed","ping_status":"closed","sticky":false,"template":"","format":"standard","meta":{"_jetpack_memberships_contains_paid_content":false,"footnotes":""},"categories":[38,1],"tags":[],"class_list":["post-136250","post","type-post","status-publish","format-standard","has-post-thumbnail","hentry","category-pedestrismo","category-portada"],"jetpack_featured_media_url":"https:\/\/i0.wp.com\/cdnoticias.com\/wp-content\/uploads\/2024\/09\/1727697839.jpeg?fit=948%2C533&ssl=1","jetpack_sharing_enabled":true,"_links":{"self":[{"href":"https:\/\/cdnoticias.com\/index.php\/wp-json\/wp\/v2\/posts\/136250","targetHints":{"allow":["GET"]}}],"collection":[{"href":"https:\/\/cdnoticias.com\/index.php\/wp-json\/wp\/v2\/posts"}],"about":[{"href":"https:\/\/cdnoticias.com\/index.php\/wp-json\/wp\/v2\/types\/post"}],"author":[{"embeddable":true,"href":"https:\/\/cdnoticias.com\/index.php\/wp-json\/wp\/v2\/users\/96739694"}],"replies":[{"embeddable":true,"href":"https:\/\/cdnoticias.com\/index.php\/wp-json\/wp\/v2\/comments?post=136250"}],"version-history":[{"count":0,"href":"https:\/\/cdnoticias.com\/index.php\/wp-json\/wp\/v2\/posts\/136250\/revisions"}],"wp:featuredmedia":[{"embeddable":true,"href":"https:\/\/cdnoticias.com\/index.php\/wp-json\/wp\/v2\/media\/163066"}],"wp:attachment":[{"href":"https:\/\/cdnoticias.com\/index.php\/wp-json\/wp\/v2\/media?parent=136250"}],"wp:term":[{"taxonomy":"category","embeddable":true,"href":"https:\/\/cdnoticias.com\/index.php\/wp-json\/wp\/v2\/categories?post=136250"},{"taxonomy":"post_tag","embeddable":true,"href":"https:\/\/cdnoticias.com\/index.php\/wp-json\/wp\/v2\/tags?post=136250"}],"curies":[{"name":"wp","href":"https:\/\/api.w.org\/{rel}","templated":true}]}}