{"id":136239,"date":"2024-09-28T21:36:14","date_gmt":"2024-09-29T00:36:14","guid":{"rendered":"https:\/\/centraldeportes.com.ar\/?p=55716"},"modified":"2025-02-13T23:07:06","modified_gmt":"2025-02-14T02:07:06","slug":"las-tiras-juveniles-tacharon-otra-fecha-y-estan-al-dia-en-el-raul-moriones","status":"publish","type":"post","link":"https:\/\/cdnoticias.com\/index.php\/2024\/09\/28\/las-tiras-juveniles-tacharon-otra-fecha-y-estan-al-dia-en-el-raul-moriones\/","title":{"rendered":"Las tiras Juveniles tacharon otra fecha y est\u00e1n al d\u00eda en el \u201cRa\u00fal Moriones\u201d"},"content":{"rendered":"<p>Las Divisiones Inferiores regresaron a la acci\u00f3n en los escenarios olavarrienses y disputaron \u00edntegramente la 8\u00b0 cita del Clausura que tuvo, en su mayor\u00eda, festejos en condici\u00f3n de local.<!--more--><\/p>\n<hr \/>\n<p>Este s\u00e1bado, con la disputa de m\u00e1s de veinte partidos, las <strong>categor\u00edas menores<\/strong> del f\u00fatbol local jugaron de manera completa la <strong>8\u00b0 fecha del Torneo Clausura \u201cRa\u00fal Moriones\u201d<\/strong> que se puso al d\u00eda, ya que <strong>El Fort\u00edn y Racing completaron sus pendientes en D\u00e9cima y Novena<\/strong>.<\/p>\n<p>&nbsp;<\/p>\n<p>Siete escenarios, una divisi\u00f3n de local\u00eda y m\u00e1s de ochenta goles contextualizaron la jornada que tuvo, en su mayor\u00eda, festejos en condici\u00f3n de local.<\/p>\n<p>&nbsp;<\/p>\n<p>Por otro lado, la Sexta entr\u00f3 en etapa de definiciones. <strong>Si en la pr\u00f3xima fecha El Fort\u00edn no suma de a tres contra Municipales, Embajadores (queda libre en tal categor\u00eda) se consagrar\u00e1 campe\u00f3n absoluto a falta de dos jornadas<\/strong>.<\/p>\n<p>&nbsp;<\/p>\n<p>[soliloquy id=&#8221;55700&#8243;]<\/p>\n<p>&nbsp;<\/p>\n<ul>\n<li>\n<h6><strong>\u00a0Resultados:<\/strong><\/h6>\n<\/li>\n<\/ul>\n<p>&nbsp;<\/p>\n<h6><strong>En D\u00e9cima<\/strong><\/h6>\n<p>Racing <strong>3 \u2013 3<\/strong> Municipales<\/p>\n<p>San Mart\u00edn <strong>0 \u2013 6<\/strong> El Fort\u00edn<\/p>\n<p>Hinojo <strong>0 \u2013 2<\/strong> Loma Negra<\/p>\n<p>Estudiantes <strong>1 \u2013 2<\/strong> Embajadores<\/p>\n<p><strong>Pendiente de la 3\u00b0 fecha: El Fort\u00edn 1 \u2013 0 Racing<\/strong><\/p>\n<p><img data-recalc-dims=\"1\" loading=\"lazy\" decoding=\"async\" class=\"aligncenter size-full wp-image-55717\" src=\"https:\/\/i0.wp.com\/cdnoticias.com\/wp-content\/uploads\/2024\/09\/Clausura-2024-Fecha-8-Decima.png?resize=786%2C484&#038;ssl=1\" alt=\"\" width=\"786\" height=\"484\" \/><\/p>\n<p>&nbsp;<\/p>\n<h6><strong>En Novena<\/strong><\/h6>\n<p>Racing <strong>7 \u2013 0<\/strong> Municipales<\/p>\n<p>Ferro<strong> 3 \u2013 0<\/strong> Colonias y Cerros<\/p>\n<p>Hinojo <strong>0 \u2013 0<\/strong> Loma Negra<\/p>\n<p>Estudiantes <strong>1 \u2013 1<\/strong> Embajadores<\/p>\n<p><strong>Pendiente de la 3\u00b0 fecha: El Fort\u00edn 1 \u2013 1 Racing<\/strong><\/p>\n<p><img data-recalc-dims=\"1\" loading=\"lazy\" decoding=\"async\" class=\"aligncenter size-full wp-image-55718\" src=\"https:\/\/i0.wp.com\/cdnoticias.com\/wp-content\/uploads\/2024\/09\/Clausura-2024-Fecha-8-Novena.png?resize=788%2C486&#038;ssl=1\" alt=\"\" width=\"788\" height=\"486\" \/><\/p>\n<p>&nbsp;<\/p>\n<h6><strong>En Octava<\/strong><\/h6>\n<p>San Mart\u00edn <strong>0 \u2013 5<\/strong> El Fort\u00edn<\/p>\n<p>Estudiantes <strong>0 \u2013 4<\/strong> Embajadores<\/p>\n<p><img data-recalc-dims=\"1\" loading=\"lazy\" decoding=\"async\" class=\"aligncenter size-full wp-image-55719\" src=\"https:\/\/i0.wp.com\/cdnoticias.com\/wp-content\/uploads\/2024\/09\/Clausura-2024-Fecha-8-Octava.png?resize=784%2C403&#038;ssl=1\" alt=\"\" width=\"784\" height=\"403\" \/><\/p>\n<p>&nbsp;<\/p>\n<h6><strong>En S\u00e9ptima<\/strong><\/h6>\n<p>Racing <strong>6 \u2013 1<\/strong> Municipales<\/p>\n<p>Ferro <strong>11 \u2013 1<\/strong> Colonias y Cerros<\/p>\n<p>Sierra Chica <strong>6 \u2013 0<\/strong> Luj\u00e1n<\/p>\n<p>San Mart\u00edn <strong>0 \u2013 4<\/strong> El Fort\u00edn<\/p>\n<p>Embajadores <strong>1 \u2013 0<\/strong> Estudiantes<\/p>\n<p><img data-recalc-dims=\"1\" loading=\"lazy\" decoding=\"async\" class=\"aligncenter size-full wp-image-55721\" src=\"https:\/\/i0.wp.com\/cdnoticias.com\/wp-content\/uploads\/2024\/09\/Clausura-2024-Fecha-8-Septima.png?resize=787%2C525&#038;ssl=1\" alt=\"\" width=\"787\" height=\"525\" \/><\/p>\n<p>&nbsp;<\/p>\n<h6><strong>En Sexta<\/strong><\/h6>\n<p>Racing <strong>0 \u2013 0<\/strong> Municipales<\/p>\n<p>Ferro <strong>2 \u2013 1<\/strong> Colonias y Cerros<\/p>\n<p>Embajadores <strong>1 \u2013 1<\/strong> Estudiantes<\/p>\n<p><img data-recalc-dims=\"1\" loading=\"lazy\" decoding=\"async\" class=\"aligncenter size-full wp-image-55722\" src=\"https:\/\/i0.wp.com\/cdnoticias.com\/wp-content\/uploads\/2024\/09\/Clausura-2024-Fecha-8-Sexta.png?resize=788%2C404&#038;ssl=1\" alt=\"\" width=\"788\" height=\"404\" \/><\/p>\n<p>&nbsp;<\/p>\n<h6><strong>En Quinta<\/strong><\/h6>\n<p>Racing <strong>2 \u2013 1<\/strong> Municipales<\/p>\n<p>Sierra Chica <strong>2 \u2013 1<\/strong> Luj\u00e1n<\/p>\n<p>San Mart\u00edn <strong>0 \u2013 1<\/strong> El Fort\u00edn<\/p>\n<p>Hinojo <strong>0 \u2013 5<\/strong> Loma Negra<\/p>\n<p>Embajadores <strong>3 \u2013 2<\/strong> Estudiantes<\/p>\n<p><img data-recalc-dims=\"1\" loading=\"lazy\" decoding=\"async\" class=\"aligncenter size-full wp-image-55720\" src=\"https:\/\/i0.wp.com\/cdnoticias.com\/wp-content\/uploads\/2024\/09\/Clausura-2024-Fecha-8-Quinta.png?resize=789%2C524&#038;ssl=1\" alt=\"\" width=\"789\" height=\"524\" \/><\/p>\n","protected":false},"excerpt":{"rendered":"<p>Las Divisiones Inferiores regresaron a la acci\u00f3n en los escenarios olavarrienses y disputaron \u00edntegramente la 8\u00b0 cita del Clausura que<\/p>\n","protected":false},"author":96739694,"featured_media":162977,"comment_status":"closed","ping_status":"closed","sticky":false,"template":"","format":"standard","meta":{"_jetpack_memberships_contains_paid_content":false,"footnotes":""},"categories":[35,40,1],"tags":[],"class_list":["post-136239","post","type-post","status-publish","format-standard","has-post-thumbnail","hentry","category-futbol","category-inferiores","category-portada"],"jetpack_featured_media_url":"https:\/\/i0.wp.com\/cdnoticias.com\/wp-content\/uploads\/2024\/09\/Inferiores-LFO-7.jpg?fit=1280%2C853&ssl=1","jetpack_sharing_enabled":true,"_links":{"self":[{"href":"https:\/\/cdnoticias.com\/index.php\/wp-json\/wp\/v2\/posts\/136239","targetHints":{"allow":["GET"]}}],"collection":[{"href":"https:\/\/cdnoticias.com\/index.php\/wp-json\/wp\/v2\/posts"}],"about":[{"href":"https:\/\/cdnoticias.com\/index.php\/wp-json\/wp\/v2\/types\/post"}],"author":[{"embeddable":true,"href":"https:\/\/cdnoticias.com\/index.php\/wp-json\/wp\/v2\/users\/96739694"}],"replies":[{"embeddable":true,"href":"https:\/\/cdnoticias.com\/index.php\/wp-json\/wp\/v2\/comments?post=136239"}],"version-history":[{"count":0,"href":"https:\/\/cdnoticias.com\/index.php\/wp-json\/wp\/v2\/posts\/136239\/revisions"}],"wp:featuredmedia":[{"embeddable":true,"href":"https:\/\/cdnoticias.com\/index.php\/wp-json\/wp\/v2\/media\/162977"}],"wp:attachment":[{"href":"https:\/\/cdnoticias.com\/index.php\/wp-json\/wp\/v2\/media?parent=136239"}],"wp:term":[{"taxonomy":"category","embeddable":true,"href":"https:\/\/cdnoticias.com\/index.php\/wp-json\/wp\/v2\/categories?post=136239"},{"taxonomy":"post_tag","embeddable":true,"href":"https:\/\/cdnoticias.com\/index.php\/wp-json\/wp\/v2\/tags?post=136239"}],"curies":[{"name":"wp","href":"https:\/\/api.w.org\/{rel}","templated":true}]}}