{"id":136233,"date":"2024-09-28T08:48:07","date_gmt":"2024-09-28T11:48:07","guid":{"rendered":"https:\/\/centraldeportes.com.ar\/?p=55686"},"modified":"2025-02-13T23:07:13","modified_gmt":"2025-02-14T02:07:13","slug":"pueblo-nuevo-corto-la-sequia-y-racing-cayo-en-mar-del-plata","status":"publish","type":"post","link":"https:\/\/cdnoticias.com\/index.php\/2024\/09\/28\/pueblo-nuevo-corto-la-sequia-y-racing-cayo-en-mar-del-plata\/","title":{"rendered":"Pueblo Nuevo cort\u00f3 la sequ\u00eda y Racing cay\u00f3 en Mar del Plata"},"content":{"rendered":"<p>El \u201cLobo\u201d derrot\u00f3 88 a 82 a Uni\u00f3n y Progreso y festej\u00f3 por primera vez en la vigente edici\u00f3n del Torneo Pre-Federal. No corri\u00f3 la misma suerte el \u201cChaira\u201d, con derrota 86 a 81 a manos de Kimberley en la ciudad balnearia.<!--more--><\/p>\n<hr \/>\n<p>Este viernes por la noche, en otra jornada a puro b\u00e1squet provincial, <strong>Pueblo Nuevo<\/strong> quebr\u00f3 la racha negativa y <strong>Racing<\/strong> no consigui\u00f3 levantar cabeza en el marco de la <strong>7\u00b0 fecha de la Zona Sur<\/strong> correspondiente al <strong>Torneo Pre-Federal<\/strong>.<\/p>\n<p>&nbsp;<\/p>\n<p>El \u201cLobo\u201d se hizo fuerte en el Juan Manolio y consigui\u00f3 derrotar a Uni\u00f3n y Progreso, quien ven\u00eda de frenar al l\u00edder la jornada pasada.<strong> Fue 88 a 82 la victoria \u201cAlbiverde\u201d con 28 puntos de Nicol\u00e1s Lorenzo<\/strong> (5 rebotes y 3 asistencias), secundado por <strong>Aldo Alveza<\/strong> y <strong>Valentino Torres Gisler<\/strong>, ambos con 12 unidades convertidas.<\/p>\n<p>&nbsp;<\/p>\n<p>[soliloquy id=&#8221;55665&#8243;]<\/p>\n<p>&nbsp;<\/p>\n<p>En Mar del Plata, el \u201cChaira\u201d la tuvo m\u00e1s complicada. <strong>Debi\u00f3 enfrentar a Kimberley, puntero de la tabla, cedi\u00f3 86 a 81 y registr\u00f3 su sexta derrota en fila en la competencia (tercera en la ruta)<\/strong>.<\/p>\n<p>&nbsp;<\/p>\n<p><strong>Manuel Yaben<\/strong> sobresali\u00f3 en \u201cLa Estrellita\u201d con 17 puntos (5 rebotes) y fue escoltado por <strong>Mart\u00edn Santana<\/strong> y <strong>Sim\u00f3n Silber<\/strong> con 14 tantos para ambos. Adem\u00e1s, en el \u201cDrag\u00f3n\u201d hubo minutos para los olavarrienses<strong> Francisco Fornes<\/strong> e <strong>Iv\u00e1n Leal<\/strong>.<\/p>\n<p>&nbsp;<\/p>\n\n<p>&nbsp;<\/p>\n<p>La continuidad del certamen Pre-Federal abocar\u00e1 tambi\u00e9n este fin de semana y ser\u00e1 con otro duelo de equipos olavarrienses. <strong>Este domingo, desde las 20:00 en el Parque Olavarr\u00eda, Racing buscar\u00e1 su primera victoria y recibir\u00e1 a Pueblo Nuevo<\/strong>.<\/p>\n<hr \/>\n<figure id=\"attachment_55681\" aria-describedby=\"caption-attachment-55681\" style=\"width: 787px\" class=\"wp-caption aligncenter\"><img data-recalc-dims=\"1\" loading=\"lazy\" decoding=\"async\" class=\"wp-image-55681 size-full\" src=\"https:\/\/i0.wp.com\/cdnoticias.com\/wp-content\/uploads\/2024\/09\/Pre-Federal-Zona-Sur-7%C2%B0-fecha-posiciones.png?resize=787%2C449&#038;ssl=1\" alt=\"\" width=\"787\" height=\"449\" \/><figcaption id=\"caption-attachment-55681\" class=\"wp-caption-text\">Posiciones &#8211; Zona Sur<\/figcaption><\/figure>\n<hr \/>\n<p><strong>S\u00edntesis Pueblo Nuevo \u2013 Uni\u00f3n y Progreso (Tandil): <\/strong><\/p>\n<p>Estadio: Juan Manolio.<\/p>\n<p>\u00c1rbitros: \u00c1lex Reyes y Sebasti\u00e1n Serantes.<\/p>\n<p><strong>Pueblo Nuevo (88)<\/strong>: <strong>Torres Gisler (12), Oronoz (4), Lorenzo (28), Alveza (12), Men\u00f3n (9) \u2013 FI \u2013 Luj\u00e1n (5), \u00c1lvarez (10), Sim\u00f3n (8). DT- Agust\u00edn Bianchi.<\/strong><\/p>\n<p><strong>Uni\u00f3n y Progreso (82)<\/strong>: <strong>Sigel (17), Barroso (15), Trapote (14), Aranguren (4), Tracana (18) \u2013 FI \u2013 Novara (2), Zazpe Andersen (7), Dottavio (5). DT- \u00c1lvaro Casti\u00f1eira.<\/strong><\/p>\n<p>Parciales: 26 \u2013 21; 48 \u2013 44; 64 \u2013 57 y 88 \u2013 82.<\/p>\n","protected":false},"excerpt":{"rendered":"<p>El \u201cLobo\u201d derrot\u00f3 88 a 82 a Uni\u00f3n y Progreso y festej\u00f3 por primera vez en la vigente edici\u00f3n del<\/p>\n","protected":false},"author":96739694,"featured_media":162989,"comment_status":"closed","ping_status":"closed","sticky":false,"template":"","format":"standard","meta":{"_jetpack_memberships_contains_paid_content":false,"footnotes":""},"categories":[31,1,60],"tags":[],"class_list":["post-136233","post","type-post","status-publish","format-standard","has-post-thumbnail","hentry","category-basquet","category-portada","category-torneo-pre-federal"],"jetpack_featured_media_url":"https:\/\/i0.wp.com\/cdnoticias.com\/wp-content\/uploads\/2024\/09\/Pn-vs-UyP-TPC-4.jpg?fit=1280%2C853&ssl=1","jetpack_sharing_enabled":true,"_links":{"self":[{"href":"https:\/\/cdnoticias.com\/index.php\/wp-json\/wp\/v2\/posts\/136233","targetHints":{"allow":["GET"]}}],"collection":[{"href":"https:\/\/cdnoticias.com\/index.php\/wp-json\/wp\/v2\/posts"}],"about":[{"href":"https:\/\/cdnoticias.com\/index.php\/wp-json\/wp\/v2\/types\/post"}],"author":[{"embeddable":true,"href":"https:\/\/cdnoticias.com\/index.php\/wp-json\/wp\/v2\/users\/96739694"}],"replies":[{"embeddable":true,"href":"https:\/\/cdnoticias.com\/index.php\/wp-json\/wp\/v2\/comments?post=136233"}],"version-history":[{"count":0,"href":"https:\/\/cdnoticias.com\/index.php\/wp-json\/wp\/v2\/posts\/136233\/revisions"}],"wp:featuredmedia":[{"embeddable":true,"href":"https:\/\/cdnoticias.com\/index.php\/wp-json\/wp\/v2\/media\/162989"}],"wp:attachment":[{"href":"https:\/\/cdnoticias.com\/index.php\/wp-json\/wp\/v2\/media?parent=136233"}],"wp:term":[{"taxonomy":"category","embeddable":true,"href":"https:\/\/cdnoticias.com\/index.php\/wp-json\/wp\/v2\/categories?post=136233"},{"taxonomy":"post_tag","embeddable":true,"href":"https:\/\/cdnoticias.com\/index.php\/wp-json\/wp\/v2\/tags?post=136233"}],"curies":[{"name":"wp","href":"https:\/\/api.w.org\/{rel}","templated":true}]}}