{"id":136219,"date":"2024-09-25T23:23:33","date_gmt":"2024-09-26T02:23:33","guid":{"rendered":"https:\/\/centraldeportes.com.ar\/?p=55609"},"modified":"2025-02-13T23:06:06","modified_gmt":"2025-02-14T02:06:06","slug":"la-5-fecha-con-varias-goleadas-y-estudiantes-lider-en-soledad","status":"publish","type":"post","link":"https:\/\/cdnoticias.com\/index.php\/2024\/09\/25\/la-5-fecha-con-varias-goleadas-y-estudiantes-lider-en-soledad\/","title":{"rendered":"La 5\u00b0 fecha, con varias goleadas y Estudiantes l\u00edder en soledad"},"content":{"rendered":"<p>El pasado domingo, la Primera Divisi\u00f3n del Femenino local celebr\u00f3 otra jornada del Clausura y fue con festejos para el \u201cBata\u201d, Espigas y Mu\u00f1oz. El restante fue empate en Sierra Chica.<!--more--><\/p>\n<hr \/>\n<p>Cuatro escenarios albergaron el pasado domingo la <strong>5\u00b0 fecha del Torneo Clausura de Primera Divisi\u00f3n Femenino<\/strong> que, en su mayor\u00eda, tuvo triunfos en condici\u00f3n de visitante. <strong>Adem\u00e1s, el d\u00eda previo, las Divisiones Inferiores jugaron la 6\u00b0 fecha del \u201cMemorial Sole Angeletti\u201d<\/strong>.<\/p>\n<p>&nbsp;<\/p>\n<p>En el Ricardo S\u00e1nchez,<strong> Estudiantes<\/strong> apabull\u00f3 a <strong>El Fort\u00edn<\/strong> y le sac\u00f3 cinco puntos de diferencia a su m\u00e1s inmediato perseguidor, <strong>Ciudad de Olavarr\u00eda<\/strong>, que empat\u00f3 con <strong>Racing<\/strong> en cancha de Sierra Chica.<\/p>\n<p>&nbsp;<\/p>\n<p>Las goleadas tambi\u00e9n estuvieron presentes en los reductos restantes. Por un lado, en el sint\u00e9tico del Clemente \u201cTete\u201d Di Carlo, <strong>Espigas<\/strong> derrot\u00f3 a <strong>Embajadores<\/strong> y sum\u00f3 su segundo festejo consecutivo en la competencia.<\/p>\n<p>&nbsp;<\/p>\n<p>[soliloquy id=&#8221;55484&#8243;]<\/p>\n<p>&nbsp;<\/p>\n<p>Adem\u00e1s, en la cancha de Hinojo, <strong>Mu\u00f1oz<\/strong> hizo lo propio ante <strong>Ferro<\/strong> y regres\u00f3 al triunfo luego de tres encuentros sin hacerlo. El conjunto \u201cAlbiceleste\u201d lleg\u00f3 a los 7 puntos en la tabla, ocho por debajo del conjunto \u201cBataraz\u201d.<\/p>\n<p>&nbsp;<\/p>\n<ul>\n<li>\n<h6><strong>Los resultados:<\/strong><\/h6>\n<\/li>\n<\/ul>\n<p>&nbsp;<\/p>\n<h6>Primera Divisi\u00f3n<\/h6>\n<p>&nbsp;<\/p>\n<p><strong>Ciudad de Olavarr\u00eda<\/strong> (Betiana Pisso) <strong>1 \u2013 1 Racing<\/strong> (Bel\u00e9n Victorero)<\/p>\n<p><strong>Embajadores 0 \u2013 6 Espigas<\/strong> (Iara Niz, Camila G\u00f3mez -3-, Roc\u00edo Fr\u00edas, Karina Santill\u00e1n)<\/p>\n<p><strong>Mu\u00f1oz<\/strong> (Agustina Montero -2- y Mar\u00eda Eugenia Oron\u00e1) <strong>3 \u2013 0 Ferro<\/strong><\/p>\n<p><strong>El Fort\u00edn 0 \u2013 11 Estudiantes<\/strong> (Valeria Oron\u00e1 -4 -, Laura Garc\u00eda -3-, Marisol Diorio -2-, Brisa de Olaso y Lucrecia Hurtado)<\/p>\n<p>Libre: Municipales.<\/p>\n<hr \/>\n<p><img data-recalc-dims=\"1\" loading=\"lazy\" decoding=\"async\" class=\"aligncenter size-full wp-image-55610\" src=\"https:\/\/i0.wp.com\/cdnoticias.com\/wp-content\/uploads\/2024\/09\/Posiciones-5%C2%B0-Fecha-Clausura-Femenino.png?resize=788%2C444&#038;ssl=1\" alt=\"\" width=\"788\" height=\"444\" \/><\/p>\n<hr \/>\n<ul>\n<li>\n<h6><strong>Partidos de la 6\u00b0 fecha:<\/strong><\/h6>\n<\/li>\n<\/ul>\n<p>&nbsp;<\/p>\n<p><em><strong>Domingo 29\/09<\/strong><\/em><\/p>\n<p>&nbsp;<\/p>\n<p><strong>Estudiantes \u2013 Ciudad de Olavarr\u00eda<\/strong> (17:30 horas \/ Parque Carlos Guerrero)<\/p>\n<p><strong>El Fort\u00edn \u2013 Embajadores<\/strong> (11:00 horas \/ Ricardo S\u00e1nchez)<\/p>\n<p><strong>Espigas \u2013 Racing<\/strong> (16:00 horas \/ Jos\u00e9 Salvador Stuppia)<\/p>\n<p><strong>Mu\u00f1oz \u2013 Municipales<\/strong> (14:00 horas \/ Jos\u00e9 Salvador Stuppia)<\/p>\n<p>Libre: Ferro.<\/p>\n<hr \/>\n<ul>\n<li>\n<h6><strong>Divisiones Inferiores \u2013 6\u00b0 Fecha del \u201cMemorial Sole Angeletti\u201d:<\/strong><\/h6>\n<\/li>\n<\/ul>\n<p>&nbsp;<\/p>\n<h6>Sub 16<\/h6>\n<p>Embajadores <strong>0 \u2013 2<\/strong> Estudiantes<\/p>\n<p>Municipales<strong> 5 \u2013 0<\/strong> El Fort\u00edn<\/p>\n<p>Racing<strong> 1 \u2013 1<\/strong> Sierra Chica<\/p>\n<p>&nbsp;<\/p>\n<p>&nbsp;<\/p>\n<h6>Sub 14<\/h6>\n<p>Municipales <strong>3 \u2013 0<\/strong> Ferro<\/p>\n","protected":false},"excerpt":{"rendered":"<p>El pasado domingo, la Primera Divisi\u00f3n del Femenino local celebr\u00f3 otra jornada del Clausura y fue con festejos para el<\/p>\n","protected":false},"author":96739694,"featured_media":162885,"comment_status":"closed","ping_status":"closed","sticky":false,"template":"","format":"standard","meta":{"_jetpack_memberships_contains_paid_content":false,"footnotes":""},"categories":[47,35,1],"tags":[],"class_list":["post-136219","post","type-post","status-publish","format-standard","has-post-thumbnail","hentry","category-femenino","category-futbol","category-portada"],"jetpack_featured_media_url":"https:\/\/i0.wp.com\/cdnoticias.com\/wp-content\/uploads\/2024\/09\/fem-lfo-24.jpg?fit=1280%2C853&ssl=1","jetpack_sharing_enabled":true,"_links":{"self":[{"href":"https:\/\/cdnoticias.com\/index.php\/wp-json\/wp\/v2\/posts\/136219","targetHints":{"allow":["GET"]}}],"collection":[{"href":"https:\/\/cdnoticias.com\/index.php\/wp-json\/wp\/v2\/posts"}],"about":[{"href":"https:\/\/cdnoticias.com\/index.php\/wp-json\/wp\/v2\/types\/post"}],"author":[{"embeddable":true,"href":"https:\/\/cdnoticias.com\/index.php\/wp-json\/wp\/v2\/users\/96739694"}],"replies":[{"embeddable":true,"href":"https:\/\/cdnoticias.com\/index.php\/wp-json\/wp\/v2\/comments?post=136219"}],"version-history":[{"count":0,"href":"https:\/\/cdnoticias.com\/index.php\/wp-json\/wp\/v2\/posts\/136219\/revisions"}],"wp:featuredmedia":[{"embeddable":true,"href":"https:\/\/cdnoticias.com\/index.php\/wp-json\/wp\/v2\/media\/162885"}],"wp:attachment":[{"href":"https:\/\/cdnoticias.com\/index.php\/wp-json\/wp\/v2\/media?parent=136219"}],"wp:term":[{"taxonomy":"category","embeddable":true,"href":"https:\/\/cdnoticias.com\/index.php\/wp-json\/wp\/v2\/categories?post=136219"},{"taxonomy":"post_tag","embeddable":true,"href":"https:\/\/cdnoticias.com\/index.php\/wp-json\/wp\/v2\/tags?post=136219"}],"curies":[{"name":"wp","href":"https:\/\/api.w.org\/{rel}","templated":true}]}}