{"id":136216,"date":"2024-09-25T18:18:32","date_gmt":"2024-09-25T21:18:32","guid":{"rendered":"https:\/\/centraldeportes.com.ar\/?p=55589"},"modified":"2025-02-13T23:06:10","modified_gmt":"2025-02-14T02:06:10","slug":"ciclismo-volvio-la-actividad-en-la-bota","status":"publish","type":"post","link":"https:\/\/cdnoticias.com\/index.php\/2024\/09\/25\/ciclismo-volvio-la-actividad-en-la-bota\/","title":{"rendered":"Ciclismo: volvi\u00f3 la actividad en \u201cLa Bota\u201d"},"content":{"rendered":"<p>El pasado domingo volvi\u00f3 la actividad de ciclismo al \u201cDante y Torcuato Emiliozzi\u201d del Club Estudiantes organizado por la agrupaci\u00f3n Ciclismo Olavarriense Libre.<!--more--><\/p>\n<hr \/>\n<p>En \u201cLa Bota\u201d se desarroll\u00f3 un nuevo evento que cont\u00f3 con un importante n\u00famero de competidores y varias categor\u00edas.<\/p>\n<p>&nbsp;<\/p>\n<p>Tania Ponce de Le\u00f3n de Tapalqu\u00e9 entre las Damas y Maximiliano Praiz de Laprida en Caballeros fueron los ganadores de las pruebas destacadas de la jornada.<\/p>\n<p>&nbsp;<\/p>\n\n<figure class=\"wp-block-image size-full\"><img data-recalc-dims=\"1\" decoding=\"async\" src=\"https:\/\/i0.wp.com\/cdnoticias.com\/wp-content\/uploads\/2024\/09\/ciclismo-1.jpg?w=800&#038;ssl=1\" alt=\"\" class=\"wp-image-55592\"\/><\/figure>\n\n<p>&nbsp;<\/p>\n<p>Los resultados:<\/p>\n<p>MTB<br \/>\n1\u00b0 Hern\u00e1n Azimonti<br \/>\n2\u00b0 Jos\u00e9 Luis Barbosa<br \/>\n3\u00b0 Pablo Magari\u00f1o<\/p>\n<p>Principiantes<br \/>\n1\u00b0 Marcos Ram\u00edrez<br \/>\n2\u00b0 Federico Mirre<br \/>\n3\u00b0 Ezequiel Su\u00e1rez<\/p>\n<p>M\u00e1ster D<br \/>\n1\u00b0 Juan Damico<br \/>\n2\u00b0 Carlos Tolosa<br \/>\n3\u00b0 Antonio Godoy<\/p>\n<p>M\u00e1ster E<br \/>\n1\u00b0 Juan Damico<br \/>\n2\u00b0 Hugo Flores<\/p>\n<p>Damas<br \/>\n1\u00b0 Tania Ponce de Le\u00f3n<br \/>\n2\u00b0 Fiamma Abrisqueta<br \/>\n3\u00b0 Julieta Zurita<br \/>\n4\u00b0 Lucrecia Hern\u00e1ndez<br \/>\n5\u00b0 Ludmila Posse<\/p>\n<p>Mayores de 40<br \/>\n1\u00b0 Andr\u00e9s Gallo<br \/>\n2\u00b0 Rub\u00e9n Rodr\u00edguez<br \/>\n3\u00b0 Nelson Garc\u00eda<\/p>\n<p>Menores de 40<br \/>\n1\u00b0 Claudio D\u00edaz<br \/>\n2\u00b0 Mauricio Carluccio<\/p>\n<p>Juveniles<br \/>\n1\u00b0 Ayrton Rold\u00e1n<\/p>\n<p>M\u00e1ster C y B2<br \/>\n1\u00b0 Pablo Fioriti<br \/>\n2\u00b0 Sergio Campione<br \/>\n3\u00b0 Gustavo Porta<\/p>\n<p>Libres<br \/>\n1\u00b0 Maximiliano Praiz<br \/>\n2\u00b0 Airton Trumpio<br \/>\n3\u00b0 Norman Maineri<br \/>\n4\u00b0 Mat\u00edas Magiora<br \/>\n5\u00b0 C\u00e9sar Rosello<\/p>\n<p>M\u00e1ster B1<br \/>\n1\u00b0 Norman Maineri<br \/>\n2\u00b0 C\u00e9sar Rosello<br \/>\n3\u00b0 Guido Santa Cruz<\/p>\n<p>Juniors<br \/>\n1\u00b0 Joaqu\u00edn Peralta<\/p>\n<p>&nbsp;<\/p>\n\n","protected":false},"excerpt":{"rendered":"<p>El pasado domingo volvi\u00f3 la actividad de ciclismo al \u201cDante y Torcuato Emiliozzi\u201d del Club Estudiantes organizado por la agrupaci\u00f3n<\/p>\n","protected":false},"author":96739694,"featured_media":162891,"comment_status":"closed","ping_status":"closed","sticky":false,"template":"","format":"standard","meta":{"_jetpack_memberships_contains_paid_content":false,"footnotes":""},"categories":[30,1],"tags":[],"class_list":["post-136216","post","type-post","status-publish","format-standard","has-post-thumbnail","hentry","category-polideportivo","category-portada"],"jetpack_featured_media_url":"https:\/\/i0.wp.com\/cdnoticias.com\/wp-content\/uploads\/2024\/09\/ciclismo-2.jpg?fit=800%2C445&ssl=1","jetpack_sharing_enabled":true,"_links":{"self":[{"href":"https:\/\/cdnoticias.com\/index.php\/wp-json\/wp\/v2\/posts\/136216","targetHints":{"allow":["GET"]}}],"collection":[{"href":"https:\/\/cdnoticias.com\/index.php\/wp-json\/wp\/v2\/posts"}],"about":[{"href":"https:\/\/cdnoticias.com\/index.php\/wp-json\/wp\/v2\/types\/post"}],"author":[{"embeddable":true,"href":"https:\/\/cdnoticias.com\/index.php\/wp-json\/wp\/v2\/users\/96739694"}],"replies":[{"embeddable":true,"href":"https:\/\/cdnoticias.com\/index.php\/wp-json\/wp\/v2\/comments?post=136216"}],"version-history":[{"count":0,"href":"https:\/\/cdnoticias.com\/index.php\/wp-json\/wp\/v2\/posts\/136216\/revisions"}],"wp:featuredmedia":[{"embeddable":true,"href":"https:\/\/cdnoticias.com\/index.php\/wp-json\/wp\/v2\/media\/162891"}],"wp:attachment":[{"href":"https:\/\/cdnoticias.com\/index.php\/wp-json\/wp\/v2\/media?parent=136216"}],"wp:term":[{"taxonomy":"category","embeddable":true,"href":"https:\/\/cdnoticias.com\/index.php\/wp-json\/wp\/v2\/categories?post=136216"},{"taxonomy":"post_tag","embeddable":true,"href":"https:\/\/cdnoticias.com\/index.php\/wp-json\/wp\/v2\/tags?post=136216"}],"curies":[{"name":"wp","href":"https:\/\/api.w.org\/{rel}","templated":true}]}}