{"id":136211,"date":"2024-09-23T23:26:25","date_gmt":"2024-09-24T02:26:25","guid":{"rendered":"https:\/\/centraldeportes.com.ar\/?p=55566"},"modified":"2025-02-13T23:06:18","modified_gmt":"2025-02-14T02:06:18","slug":"la-seleccion-sub-15-registro-su-primera-caida-en-el-torneo-de-selecciones","status":"publish","type":"post","link":"https:\/\/cdnoticias.com\/index.php\/2024\/09\/23\/la-seleccion-sub-15-registro-su-primera-caida-en-el-torneo-de-selecciones\/","title":{"rendered":"La Selecci\u00f3n Sub 15 registr\u00f3 su primera ca\u00edda en el Torneo de Selecciones"},"content":{"rendered":"<p>Por la 3\u00b0 fecha de la Zona 1, el combinado juvenil de Olavarr\u00eda perdi\u00f3 2 a 1 a manos de la Liga del Sur. La pr\u00f3xima jornada, volver\u00e1 a quedar libre.<!--more--><\/p>\n<hr \/>\n<p>Con destino en Bah\u00eda Blanca, este lunes el<strong> seleccionado Sub 15 de Olavarr\u00eda<\/strong> no pudo con los representantes de la <strong>Liga del Sur<\/strong> y sufri\u00f3 su primera derrota en el <strong>Torneo Federal de Selecciones<\/strong>.<\/p>\n<p>&nbsp;<\/p>\n<p><strong>Fue 2 a 1 la ca\u00edda del combinado de nuestra ciudad en el reducto del Club San Francisco<\/strong>. Todo, en el marco de la <strong>3\u00b0 fecha<\/strong> del a Zona.<\/p>\n<p>&nbsp;<\/p>\n<p>El local comenz\u00f3 ganando por intermedio de <strong>Dylan Pallalef<\/strong>, pero <strong>los de Dardo Seibel llegaron al empate transitorio con gol de Juan Ignacio Larrosa<\/strong> sobre el cierre del primer tiempo. Ya en la etapa complementaria, la Liga del Sur encontr\u00f3 el segundo grito en <strong>Uriel Picchi<\/strong> y se termin\u00f3 quedando con los tres puntos.<\/p>\n<p>&nbsp;<\/p>\n<p><strong>La pr\u00f3xima jornada dar\u00e1 inicio los duelos revancha, por lo que la Selecci\u00f3n Sub 15 descansar\u00e1 y cumplir\u00e1 fecha libre<\/strong>.<\/p>\n<hr \/>\n<figure id=\"attachment_55569\" aria-describedby=\"caption-attachment-55569\" style=\"width: 788px\" class=\"wp-caption aligncenter\"><img data-recalc-dims=\"1\" loading=\"lazy\" decoding=\"async\" class=\"wp-image-55569 size-full\" src=\"https:\/\/i0.wp.com\/cdnoticias.com\/wp-content\/uploads\/2024\/09\/TNS-Sub-15-Posiciones-Fecha-3.png?resize=788%2C203&#038;ssl=1\" alt=\"\" width=\"788\" height=\"203\" \/><figcaption id=\"caption-attachment-55569\" class=\"wp-caption-text\">Posiciones &#8211; Zona 1 (Sub 15)<\/figcaption><\/figure>\n<hr \/>\n<p><em><strong>Foto: Prensa Liga del Sur.<\/strong><\/em><\/p>\n","protected":false},"excerpt":{"rendered":"<p>Por la 3\u00b0 fecha de la Zona 1, el combinado juvenil de Olavarr\u00eda perdi\u00f3 2 a 1 a manos de<\/p>\n","protected":false},"author":96739694,"featured_media":162906,"comment_status":"closed","ping_status":"closed","sticky":false,"template":"","format":"standard","meta":{"_jetpack_memberships_contains_paid_content":false,"footnotes":""},"categories":[35,40,1],"tags":[],"class_list":["post-136211","post","type-post","status-publish","format-standard","has-post-thumbnail","hentry","category-futbol","category-inferiores","category-portada"],"jetpack_featured_media_url":"https:\/\/i0.wp.com\/cdnoticias.com\/wp-content\/uploads\/2024\/09\/TFS-Fecha-3-Del-Sur-vs-Olavarriaa.jpg?fit=1000%2C666&ssl=1","jetpack_sharing_enabled":true,"_links":{"self":[{"href":"https:\/\/cdnoticias.com\/index.php\/wp-json\/wp\/v2\/posts\/136211","targetHints":{"allow":["GET"]}}],"collection":[{"href":"https:\/\/cdnoticias.com\/index.php\/wp-json\/wp\/v2\/posts"}],"about":[{"href":"https:\/\/cdnoticias.com\/index.php\/wp-json\/wp\/v2\/types\/post"}],"author":[{"embeddable":true,"href":"https:\/\/cdnoticias.com\/index.php\/wp-json\/wp\/v2\/users\/96739694"}],"replies":[{"embeddable":true,"href":"https:\/\/cdnoticias.com\/index.php\/wp-json\/wp\/v2\/comments?post=136211"}],"version-history":[{"count":0,"href":"https:\/\/cdnoticias.com\/index.php\/wp-json\/wp\/v2\/posts\/136211\/revisions"}],"wp:featuredmedia":[{"embeddable":true,"href":"https:\/\/cdnoticias.com\/index.php\/wp-json\/wp\/v2\/media\/162906"}],"wp:attachment":[{"href":"https:\/\/cdnoticias.com\/index.php\/wp-json\/wp\/v2\/media?parent=136211"}],"wp:term":[{"taxonomy":"category","embeddable":true,"href":"https:\/\/cdnoticias.com\/index.php\/wp-json\/wp\/v2\/categories?post=136211"},{"taxonomy":"post_tag","embeddable":true,"href":"https:\/\/cdnoticias.com\/index.php\/wp-json\/wp\/v2\/tags?post=136211"}],"curies":[{"name":"wp","href":"https:\/\/api.w.org\/{rel}","templated":true}]}}