{"id":136205,"date":"2024-09-23T18:17:12","date_gmt":"2024-09-23T21:17:12","guid":{"rendered":"https:\/\/centraldeportes.com.ar\/?p=55528"},"modified":"2025-02-13T23:06:25","modified_gmt":"2025-02-14T02:06:25","slug":"voley-estudiantes-clasificado-a-la-copa-argentina-de-clubes","status":"publish","type":"post","link":"https:\/\/cdnoticias.com\/index.php\/2024\/09\/23\/voley-estudiantes-clasificado-a-la-copa-argentina-de-clubes\/","title":{"rendered":"V\u00f3ley: Estudiantes clasificado a la Copa Argentina de Clubes"},"content":{"rendered":"<p>El Club Atl\u00e9tico Estudiantes particip\u00f3 con tres equipos el fin de semana en el Provincial Sub 12, que se realiz\u00f3 en el Minigimnasio del Parque Guerrero y con uno de los equipos, logr\u00f3 la clasificaci\u00f3n a la Copa Argentina de Clubes.<!--more--><\/p>\n<hr \/>\n<p>Importante cantidad de equipos de toda la provincia llegaron para poner en disputa los cuatro lugares a la Copa Argentina y uno de los clasificados fue el anfitri\u00f3n.<\/p>\n<p>&nbsp;<\/p>\n<p>En primer lugar, el equipo \u201cCAE A\u201d disput\u00f3 el tercer lugar contra Jun\u00edn V\u00f3ley y surgi\u00f3 victorioso 2 a 1, adue\u00f1\u00e1ndose as\u00ed del \u00faltimo escal\u00f3n en el podio. De esta forma, Estudiantes clasific\u00f3 a la Copa Argentina de Clubes.<\/p>\n<p>&nbsp;<\/p>\n<p>Por otra parte, el equipo \u201cCAE B\u201d clasific\u00f3 en el noveno lugar tras ganarle el puesto por 2 a 0 al club Lezama y \u201cCAE C\u201d finaliz\u00f3 el Provincial en el 12\u00b0 puesto.<\/p>\n","protected":false},"excerpt":{"rendered":"<p>El Club Atl\u00e9tico Estudiantes particip\u00f3 con tres equipos el fin de semana en el Provincial Sub 12, que se realiz\u00f3<\/p>\n","protected":false},"author":96739694,"featured_media":162925,"comment_status":"closed","ping_status":"closed","sticky":false,"template":"","format":"standard","meta":{"_jetpack_memberships_contains_paid_content":false,"footnotes":""},"categories":[30,1],"tags":[],"class_list":["post-136205","post","type-post","status-publish","format-standard","has-post-thumbnail","hentry","category-polideportivo","category-portada"],"jetpack_featured_media_url":"https:\/\/i0.wp.com\/cdnoticias.com\/wp-content\/uploads\/2024\/09\/461193134_18339421465126072_6047997125429308258_n-e1727126204519.jpg?fit=1080%2C640&ssl=1","jetpack_sharing_enabled":true,"_links":{"self":[{"href":"https:\/\/cdnoticias.com\/index.php\/wp-json\/wp\/v2\/posts\/136205","targetHints":{"allow":["GET"]}}],"collection":[{"href":"https:\/\/cdnoticias.com\/index.php\/wp-json\/wp\/v2\/posts"}],"about":[{"href":"https:\/\/cdnoticias.com\/index.php\/wp-json\/wp\/v2\/types\/post"}],"author":[{"embeddable":true,"href":"https:\/\/cdnoticias.com\/index.php\/wp-json\/wp\/v2\/users\/96739694"}],"replies":[{"embeddable":true,"href":"https:\/\/cdnoticias.com\/index.php\/wp-json\/wp\/v2\/comments?post=136205"}],"version-history":[{"count":0,"href":"https:\/\/cdnoticias.com\/index.php\/wp-json\/wp\/v2\/posts\/136205\/revisions"}],"wp:featuredmedia":[{"embeddable":true,"href":"https:\/\/cdnoticias.com\/index.php\/wp-json\/wp\/v2\/media\/162925"}],"wp:attachment":[{"href":"https:\/\/cdnoticias.com\/index.php\/wp-json\/wp\/v2\/media?parent=136205"}],"wp:term":[{"taxonomy":"category","embeddable":true,"href":"https:\/\/cdnoticias.com\/index.php\/wp-json\/wp\/v2\/categories?post=136205"},{"taxonomy":"post_tag","embeddable":true,"href":"https:\/\/cdnoticias.com\/index.php\/wp-json\/wp\/v2\/tags?post=136205"}],"curies":[{"name":"wp","href":"https:\/\/api.w.org\/{rel}","templated":true}]}}