{"id":136200,"date":"2024-09-22T15:54:42","date_gmt":"2024-09-22T18:54:42","guid":{"rendered":"https:\/\/centraldeportes.com.ar\/?p=55478"},"modified":"2025-02-13T23:04:55","modified_gmt":"2025-02-14T02:04:55","slug":"los-10k-de-corim-fueron-11-con-triunfo-para-cecilia-y-gustavo-fernandez","status":"publish","type":"post","link":"https:\/\/cdnoticias.com\/index.php\/2024\/09\/22\/los-10k-de-corim-fueron-11-con-triunfo-para-cecilia-y-gustavo-fernandez\/","title":{"rendered":"Los 10K de Corim fueron 11 con triunfo para Cecilia y Gustavo Fern\u00e1ndez"},"content":{"rendered":"<p>En el ingreso de la sede de Corim y con m\u00e1s de un centenar de atletas se llev\u00f3 a cabo una nueva edici\u00f3n de la \u201cCarrera de Corim\u201d y las victorias fueron para Cecilia y Gustavo Fern\u00e1ndez.<!--more--><\/p>\n<hr \/>\n<p>La carrera que normalmente tiene 10 kil\u00f3metros como distancia principal, tuvo una leve modificaci\u00f3n en su recorrido y finalmente fueron 11K que estuvieron fiscalizados por el CAVO.<\/p>\n<p>&nbsp;<\/p>\n<p>En la distancia principal, Gustavo y Cecilia Fern\u00e1ndez fueron quienes se quedaron con las victorias y en los 5K, hubo victorias para Francisco Marchiani y Shirley Rey. Para finalizar, hubo carrera Kids.<\/p>\n<p>&nbsp;<\/p>\n<p>[soliloquy id=&#8221;55484&#8243;]<\/p>\n<p>&nbsp;<\/p>\n<p>Los resultados:<\/p>\n<p>11K:<\/p>\n<p>Caballeros:<br \/>\n1\u00b0 Gustavo Fern\u00e1ndez con 37:13<br \/>\n2\u00b0 Diego D\u00edaz con 37:56<br \/>\n3\u00b0 Lucas Mart\u00edn con 39:20<br \/>\n4\u00b0 Diego Arias<br \/>\n5\u00b0 Iv\u00e1n Z\u00e1rate<\/p>\n<p>Damas:<br \/>\n1\u00b0 Cecilia Fern\u00e1ndez con 43:26<br \/>\n2\u00b0 Luc\u00eda Pe\u00f1alva con 52:43<br \/>\n3\u00b0 Candelaria Hurtado con 54:19<br \/>\n4\u00b0 Ver\u00f3nica Baygorria<br \/>\n5\u00b0 Micaela Adorno<\/p>\n<p>&nbsp;<\/p>\n<p>5K:<\/p>\n<p>Caballeros:<br \/>\n1\u00b0 Francisco Marchiani con 18:55<br \/>\n2\u00b0 Salvador Silvero<\/p>\n<p>Damas:<br \/>\n1\u00b0 Shirley Rey con 29:56<br \/>\n2\u00b0 Silvia Ram\u00edrez<\/p>\n<p>&nbsp;<\/p>\n","protected":false},"excerpt":{"rendered":"<p>En el ingreso de la sede de Corim y con m\u00e1s de un centenar de atletas se llev\u00f3 a cabo<\/p>\n","protected":false},"author":96739694,"featured_media":162806,"comment_status":"closed","ping_status":"closed","sticky":false,"template":"","format":"standard","meta":{"_jetpack_memberships_contains_paid_content":false,"footnotes":""},"categories":[38,1],"tags":[],"class_list":["post-136200","post","type-post","status-publish","format-standard","has-post-thumbnail","hentry","category-pedestrismo","category-portada"],"jetpack_featured_media_url":"https:\/\/i0.wp.com\/cdnoticias.com\/wp-content\/uploads\/2024\/09\/corim-1.jpg?fit=1280%2C853&ssl=1","jetpack_sharing_enabled":true,"_links":{"self":[{"href":"https:\/\/cdnoticias.com\/index.php\/wp-json\/wp\/v2\/posts\/136200","targetHints":{"allow":["GET"]}}],"collection":[{"href":"https:\/\/cdnoticias.com\/index.php\/wp-json\/wp\/v2\/posts"}],"about":[{"href":"https:\/\/cdnoticias.com\/index.php\/wp-json\/wp\/v2\/types\/post"}],"author":[{"embeddable":true,"href":"https:\/\/cdnoticias.com\/index.php\/wp-json\/wp\/v2\/users\/96739694"}],"replies":[{"embeddable":true,"href":"https:\/\/cdnoticias.com\/index.php\/wp-json\/wp\/v2\/comments?post=136200"}],"version-history":[{"count":0,"href":"https:\/\/cdnoticias.com\/index.php\/wp-json\/wp\/v2\/posts\/136200\/revisions"}],"wp:featuredmedia":[{"embeddable":true,"href":"https:\/\/cdnoticias.com\/index.php\/wp-json\/wp\/v2\/media\/162806"}],"wp:attachment":[{"href":"https:\/\/cdnoticias.com\/index.php\/wp-json\/wp\/v2\/media?parent=136200"}],"wp:term":[{"taxonomy":"category","embeddable":true,"href":"https:\/\/cdnoticias.com\/index.php\/wp-json\/wp\/v2\/categories?post=136200"},{"taxonomy":"post_tag","embeddable":true,"href":"https:\/\/cdnoticias.com\/index.php\/wp-json\/wp\/v2\/tags?post=136200"}],"curies":[{"name":"wp","href":"https:\/\/api.w.org\/{rel}","templated":true}]}}