{"id":136195,"date":"2024-09-21T20:07:21","date_gmt":"2024-09-21T23:07:21","guid":{"rendered":"https:\/\/centraldeportes.com.ar\/?p=55424"},"modified":"2025-02-13T23:05:05","modified_gmt":"2025-02-14T02:05:05","slug":"braian-guille-regreso-al-gol-y-colon-volvio-a-ganar-de-visitante","status":"publish","type":"post","link":"https:\/\/cdnoticias.com\/index.php\/2024\/09\/21\/braian-guille-regreso-al-gol-y-colon-volvio-a-ganar-de-visitante\/","title":{"rendered":"Braian Guille regres\u00f3 al gol y Col\u00f3n volvi\u00f3 a ganar de visitante"},"content":{"rendered":"<p>Fue 2 a 0 la victoria a domicilio del \u201cSabalero\u201d ante Almagro por la 33\u00b0 fecha de la Primera Nacional. El mediapunta olavarriense decor\u00f3 el resultado final.<!--more--><\/p>\n<hr \/>\n<p>Despu\u00e9s de diez partidos sin conocer la victoria de visitante, <strong>Col\u00f3n rompi\u00f3 la racha negativa y volvi\u00f3 a ganar fuera de casa<\/strong>. Fue este s\u00e1bado ante <strong>Almagro<\/strong>, por la <strong>33\u00b0 fecha<\/strong> de la Primera Nacional.<\/p>\n<p>&nbsp;<\/p>\n<p><strong>Con la participaci\u00f3n de Braian Guille en el once titular, el \u201cSabalero\u201d derrot\u00f3 2 a 0 al \u201cTricolor\u201d en el Estadio Tres de Febrero.<\/strong><\/p>\n<p>&nbsp;<\/p>\n<p><img data-recalc-dims=\"1\" loading=\"lazy\" decoding=\"async\" class=\"aligncenter size-full wp-image-55425\" src=\"https:\/\/i0.wp.com\/cdnoticias.com\/wp-content\/uploads\/2024\/09\/Guille-Colon-Fecha-33-Primera-Nacional1-e1726960015259.jpg?resize=800%2C528&#038;ssl=1\" alt=\"\" width=\"800\" height=\"528\" \/><\/p>\n<p>&nbsp;<\/p>\n<p>Los goles arribaron en el segundo tiempo. Cristian Bernardi abri\u00f3 el marcador a los 82\u2019 y <strong>el mediapunta olavarriense liquid\u00f3 las acciones con un golazo a los 92\u2019<\/strong>.<\/p>\n<p>&nbsp;<\/p>\n<p><strong>Se trat\u00f3, adem\u00e1s, del cuarto grito de Guille con la camiseta del conjunto santafesino. No convert\u00eda desde fines de abril en la goleada ante Brown de Adrogu\u00e9.<\/strong><\/p>\n<p>&nbsp;<\/p>\n<p>Con esta victoria, Col\u00f3n lleg\u00f3 a los 52 puntos en la tabla y qued\u00f3 a tres por debajo del l\u00edder, Nueva Chicago.<\/p>\n<p>&nbsp;<\/p>\n<p><em><strong>Fotos: Col\u00f3n Oficial.<\/strong><\/em><\/p>\n","protected":false},"excerpt":{"rendered":"<p>Fue 2 a 0 la victoria a domicilio del \u201cSabalero\u201d ante Almagro por la 33\u00b0 fecha de la Primera Nacional.<\/p>\n","protected":false},"author":96739694,"featured_media":162824,"comment_status":"closed","ping_status":"closed","sticky":false,"template":"","format":"standard","meta":{"_jetpack_memberships_contains_paid_content":false,"footnotes":""},"categories":[37,1],"tags":[],"class_list":["post-136195","post","type-post","status-publish","format-standard","has-post-thumbnail","hentry","category-futbol-profesional","category-portada"],"jetpack_featured_media_url":"https:\/\/i0.wp.com\/cdnoticias.com\/wp-content\/uploads\/2024\/09\/Guille-Colon-Fecha-33-Primera-Nacional-e1726959982147.jpg?fit=1440%2C954&ssl=1","jetpack_sharing_enabled":true,"_links":{"self":[{"href":"https:\/\/cdnoticias.com\/index.php\/wp-json\/wp\/v2\/posts\/136195","targetHints":{"allow":["GET"]}}],"collection":[{"href":"https:\/\/cdnoticias.com\/index.php\/wp-json\/wp\/v2\/posts"}],"about":[{"href":"https:\/\/cdnoticias.com\/index.php\/wp-json\/wp\/v2\/types\/post"}],"author":[{"embeddable":true,"href":"https:\/\/cdnoticias.com\/index.php\/wp-json\/wp\/v2\/users\/96739694"}],"replies":[{"embeddable":true,"href":"https:\/\/cdnoticias.com\/index.php\/wp-json\/wp\/v2\/comments?post=136195"}],"version-history":[{"count":0,"href":"https:\/\/cdnoticias.com\/index.php\/wp-json\/wp\/v2\/posts\/136195\/revisions"}],"wp:featuredmedia":[{"embeddable":true,"href":"https:\/\/cdnoticias.com\/index.php\/wp-json\/wp\/v2\/media\/162824"}],"wp:attachment":[{"href":"https:\/\/cdnoticias.com\/index.php\/wp-json\/wp\/v2\/media?parent=136195"}],"wp:term":[{"taxonomy":"category","embeddable":true,"href":"https:\/\/cdnoticias.com\/index.php\/wp-json\/wp\/v2\/categories?post=136195"},{"taxonomy":"post_tag","embeddable":true,"href":"https:\/\/cdnoticias.com\/index.php\/wp-json\/wp\/v2\/tags?post=136195"}],"curies":[{"name":"wp","href":"https:\/\/api.w.org\/{rel}","templated":true}]}}