{"id":136193,"date":"2024-09-21T17:27:23","date_gmt":"2024-09-21T20:27:23","guid":{"rendered":"https:\/\/centraldeportes.com.ar\/?p=55415"},"modified":"2025-02-13T23:05:08","modified_gmt":"2025-02-14T02:05:08","slug":"se-presento-oficialmente-en-sociedad-la-12-hi-race","status":"publish","type":"post","link":"https:\/\/cdnoticias.com\/index.php\/2024\/09\/21\/se-presento-oficialmente-en-sociedad-la-12-hi-race\/","title":{"rendered":"Se present\u00f3 oficialmente en sociedad la 12\u00b0 &#8220;Hi-Race&#8221;"},"content":{"rendered":"<p>El Sal\u00f3n Rivadavia fue sede del lanzamiento oficial de la edici\u00f3n N\u00b0 12 de la Hi Race, la prueba de trail que desde hace ya m\u00e1s de una d\u00e9cada se lleva a cabo en Sierra Bayas.<!--more--><\/p>\n<hr \/>\n<p>La carrera de trail running se convirti\u00f3 desde hace a\u00f1os en una competencia elegida no s\u00f3lo por corredores y corredoras de nuestra ciudad, sino de toda la regi\u00f3n y la Provincia y de cara a su 12\u00b0 aniversario, previsto para el 6 de octubre, se llev\u00f3 a cabo el lanzamiento.<\/p>\n<p>&nbsp;<\/p>\n<p>La rueda de prensa fue encabezada por el Subsecretario de Deportes Juan Pablo Arouxet y el director de Gesti\u00f3n Deportiva Enzo Jarrie, acompa\u00f1ado de dos de los organizadores, Alejandro Dirgam y Oscar Gonz\u00e1lez.<\/p>\n<p>&nbsp;<\/p>\n<p>\u201c<em>Reci\u00e9n habl\u00e1bamos con los organizadores y nos contaban que est\u00e1n ya superando casi los 400 inscriptos, y que esperan este un centenar m\u00e1s. Eso a nosotros, como gesti\u00f3n municipal, nos da la tranquilidad de que es el camino en el que tenemos que estar, trabajando juntos el Estado Municipal y el privado en estas competencias, sobre todo estos eventos que ponen de relevancia localidades de nuestro Partido, como en este caso Sierras Bayas, con todo su todo su esplendor natural, con esos paisajes que tiene la sierra, esos caminos<\/em>\u201d, ponder\u00f3 el Subsecretario de Deportes Municipal.<\/p>\n<p>&nbsp;<\/p>\n<p>En esa misma l\u00ednea, Arouxet a\u00f1adi\u00f3 que \u201c<em>nosotros como Estado municipal, como Subsecretar\u00eda de Deportes, queremos y pretendemos que Olavarr\u00eda sea un centro de actividad f\u00edsica, de actividades en contacto con la naturaleza respetando el medio natural. Sabemos que cuando se arman los recorridos, cuando se hace la carrera y cuando termina no se ve modificado en nada al medio natural es importante resaltarlo<\/em>\u201d.<\/p>\n<p>&nbsp;<\/p>\n<p>Alejandro Dirgam agradeci\u00f3 el acompa\u00f1amiento del Municipio y expres\u00f3 que \u201c<em>este tipo de eventos ser\u00eda casi imposible realizarse si no tiene el apoyo municipal, m\u00e1s en esta \u00e9poca que vivimos que se ha puesto dif\u00edcil desde lo econ\u00f3mico tanto para la organizaci\u00f3n como para los corredores acercarse hasta una ciudad a participar en una carrera<\/em>\u201d. A la par, revel\u00f3 que se espera por el arribo de corredores de ciudades tales como \u201c<em>Bah\u00eda Blanca, Villa Ventana, Tandil, Azul, Bol\u00edvar, Pehuaj\u00f3, 25 de Mayo. Tambi\u00e9n gran cantidad de corredores de la Ciudad de Buenos Aires y por supuesto, como a\u00f1o tras a\u00f1o nos viene ocurriendo, en gran apoyo de los atletas de Olavarr\u00eda que se acercan a esta carrera tan linda y en un espacio natural, que nos permite tambi\u00e9n fomentar lo que es la gastronom\u00eda y el turismo de nuestra ciudad<\/em>\u201d.<\/p>\n<p>&nbsp;<\/p>\n<p>Gonz\u00e1lez, por su parte, explic\u00f3 lo que suceder\u00e1 el pr\u00f3ximo 6 de octubre mediante cifras: \u201c<em>Alrededor de 500 corredores, tres distancias, m\u00e1s de 118 premios que vamos a estar dando en la premiaci\u00f3n. Ya que se dar\u00e1n premios en la categor\u00edas de las tres distancias, tanto en dama como en caballero, adem\u00e1s de premios en la general. Como dijeron tanto Enzo como Juan Pablo, no es solamente un evento deportivo, sino es un evento deportivo, cultural, tur\u00edstico y social, porque es para toda la comunidad y es para todos, as\u00ed que lo los invitamos a todos a participar<\/em>\u201d.<\/p>\n<p>&nbsp;<\/p>\n<p>Por \u00faltimo, se detall\u00f3 que quedan los \u00faltimos 100 cupos, por lo que se invita a las personas interesadas en correr en las distintas distancias (10K, 15K y 21K) que busquen el enlace de inscripci\u00f3n en el instagram @hiracetrail.<\/p>\n","protected":false},"excerpt":{"rendered":"<p>El Sal\u00f3n Rivadavia fue sede del lanzamiento oficial de la edici\u00f3n N\u00b0 12 de la Hi Race, la prueba de<\/p>\n","protected":false},"author":96739694,"featured_media":162831,"comment_status":"closed","ping_status":"closed","sticky":false,"template":"","format":"standard","meta":{"_jetpack_memberships_contains_paid_content":false,"footnotes":""},"categories":[38,1],"tags":[],"class_list":["post-136193","post","type-post","status-publish","format-standard","has-post-thumbnail","hentry","category-pedestrismo","category-portada"],"jetpack_featured_media_url":"https:\/\/i0.wp.com\/cdnoticias.com\/wp-content\/uploads\/2024\/09\/WhatsApp-Image-2024-09-20-at-11.57.28-e1726950431900.jpeg?fit=1600%2C1010&ssl=1","jetpack_sharing_enabled":true,"_links":{"self":[{"href":"https:\/\/cdnoticias.com\/index.php\/wp-json\/wp\/v2\/posts\/136193","targetHints":{"allow":["GET"]}}],"collection":[{"href":"https:\/\/cdnoticias.com\/index.php\/wp-json\/wp\/v2\/posts"}],"about":[{"href":"https:\/\/cdnoticias.com\/index.php\/wp-json\/wp\/v2\/types\/post"}],"author":[{"embeddable":true,"href":"https:\/\/cdnoticias.com\/index.php\/wp-json\/wp\/v2\/users\/96739694"}],"replies":[{"embeddable":true,"href":"https:\/\/cdnoticias.com\/index.php\/wp-json\/wp\/v2\/comments?post=136193"}],"version-history":[{"count":0,"href":"https:\/\/cdnoticias.com\/index.php\/wp-json\/wp\/v2\/posts\/136193\/revisions"}],"wp:featuredmedia":[{"embeddable":true,"href":"https:\/\/cdnoticias.com\/index.php\/wp-json\/wp\/v2\/media\/162831"}],"wp:attachment":[{"href":"https:\/\/cdnoticias.com\/index.php\/wp-json\/wp\/v2\/media?parent=136193"}],"wp:term":[{"taxonomy":"category","embeddable":true,"href":"https:\/\/cdnoticias.com\/index.php\/wp-json\/wp\/v2\/categories?post=136193"},{"taxonomy":"post_tag","embeddable":true,"href":"https:\/\/cdnoticias.com\/index.php\/wp-json\/wp\/v2\/tags?post=136193"}],"curies":[{"name":"wp","href":"https:\/\/api.w.org\/{rel}","templated":true}]}}