{"id":136190,"date":"2024-09-21T10:03:43","date_gmt":"2024-09-21T13:03:43","guid":{"rendered":"https:\/\/centraldeportes.com.ar\/?p=55407"},"modified":"2025-02-13T23:05:13","modified_gmt":"2025-02-14T02:05:13","slug":"la-7-fecha-de-inferiores-comenzo-con-festejos-de-embajadores-y-ferro","status":"publish","type":"post","link":"https:\/\/cdnoticias.com\/index.php\/2024\/09\/21\/la-7-fecha-de-inferiores-comenzo-con-festejos-de-embajadores-y-ferro\/","title":{"rendered":"La 7\u00b0 fecha de Inferiores comenz\u00f3 con festejos de Embajadores y Ferro"},"content":{"rendered":"<p>Con acci\u00f3n en tres categor\u00edas, las Divisiones Formativas iniciaron una nueva jornada del Torneo Clausura \u201cRa\u00fal Moriones\u201d. La cita continuar\u00e1 este s\u00e1bado con el resto de las tiras.<!--more--><\/p>\n<hr \/>\n<p>Este viernes, en el sint\u00e9tico del \u201cTete\u201d Di Carlo y en el reducto de Villa Alfredo Fortabat,<strong> comenz\u00f3 a jugarse la 7\u00b0 fecha del Clausura \u201cRa\u00fal Moriones\u201d<\/strong>.<\/p>\n<p>&nbsp;<\/p>\n<p>La pelota rod\u00f3 en <strong>Octava, Sexta y Quinta<\/strong> divisi\u00f3n, y hubo absolutos festejos de <strong>Ferro<\/strong> a domicilio sobre<strong> Loma Negra<\/strong> y <strong>Embajadores<\/strong>, ambos por la m\u00ednima diferencia ante<strong> Racing<\/strong>.<\/p>\n<p>&nbsp;<\/p>\n<p>La cita continuar\u00e1 este s\u00e1bado con el resto de las tiras de ambos cruces. Adem\u00e1s, se enfrentar\u00e1n <strong>Colonias y Cerros \u2013 Sierra Chica, Municipales \u2013 San Mart\u00edn, Luj\u00e1n \u2013 Estudiantes y El Fort\u00edn \u2013 Hinojo<\/strong>.<\/p>\n<p>&nbsp;<\/p>\n<p>[soliloquy id=&#8221;55383&#8243;]<\/p>\n<p>&nbsp;<\/p>\n<ul>\n<li>\n<h6><strong>Resultados:<\/strong><\/h6>\n<\/li>\n<\/ul>\n<p>&nbsp;<\/p>\n<h6><strong>En Octava<\/strong><\/h6>\n<p>Loma Negra<strong> 1 \u2013 2<\/strong> Ferro<\/p>\n<p>&nbsp;<\/p>\n<h6><strong>En Sexta<\/strong><\/h6>\n<p>Loma Negra <strong>0 \u2013 3<\/strong> Ferro<\/p>\n<p>Embajadores <strong>1 \u2013 0<\/strong> Racing<\/p>\n<p>&nbsp;<\/p>\n<h6><strong>En Quinta<\/strong><\/h6>\n<p>Loma Negra <strong>1 \u2013 2<\/strong> Ferro<\/p>\n<p>Embajadores <strong>1 \u2013 0<\/strong> Racing<\/p>\n","protected":false},"excerpt":{"rendered":"<p>Con acci\u00f3n en tres categor\u00edas, las Divisiones Formativas iniciaron una nueva jornada del Torneo Clausura \u201cRa\u00fal Moriones\u201d. La cita continuar\u00e1<\/p>\n","protected":false},"author":96739694,"featured_media":162840,"comment_status":"closed","ping_status":"closed","sticky":false,"template":"","format":"standard","meta":{"_jetpack_memberships_contains_paid_content":false,"footnotes":""},"categories":[35,40,1],"tags":[],"class_list":["post-136190","post","type-post","status-publish","format-standard","has-post-thumbnail","hentry","category-futbol","category-inferiores","category-portada"],"jetpack_featured_media_url":"https:\/\/i0.wp.com\/cdnoticias.com\/wp-content\/uploads\/2024\/09\/CEO-RAC-Inf-LFO-2-e1726923799843.jpg?fit=1280%2C753&ssl=1","jetpack_sharing_enabled":true,"_links":{"self":[{"href":"https:\/\/cdnoticias.com\/index.php\/wp-json\/wp\/v2\/posts\/136190","targetHints":{"allow":["GET"]}}],"collection":[{"href":"https:\/\/cdnoticias.com\/index.php\/wp-json\/wp\/v2\/posts"}],"about":[{"href":"https:\/\/cdnoticias.com\/index.php\/wp-json\/wp\/v2\/types\/post"}],"author":[{"embeddable":true,"href":"https:\/\/cdnoticias.com\/index.php\/wp-json\/wp\/v2\/users\/96739694"}],"replies":[{"embeddable":true,"href":"https:\/\/cdnoticias.com\/index.php\/wp-json\/wp\/v2\/comments?post=136190"}],"version-history":[{"count":0,"href":"https:\/\/cdnoticias.com\/index.php\/wp-json\/wp\/v2\/posts\/136190\/revisions"}],"wp:featuredmedia":[{"embeddable":true,"href":"https:\/\/cdnoticias.com\/index.php\/wp-json\/wp\/v2\/media\/162840"}],"wp:attachment":[{"href":"https:\/\/cdnoticias.com\/index.php\/wp-json\/wp\/v2\/media?parent=136190"}],"wp:term":[{"taxonomy":"category","embeddable":true,"href":"https:\/\/cdnoticias.com\/index.php\/wp-json\/wp\/v2\/categories?post=136190"},{"taxonomy":"post_tag","embeddable":true,"href":"https:\/\/cdnoticias.com\/index.php\/wp-json\/wp\/v2\/tags?post=136190"}],"curies":[{"name":"wp","href":"https:\/\/api.w.org\/{rel}","templated":true}]}}