{"id":136184,"date":"2024-09-19T22:28:07","date_gmt":"2024-09-20T01:28:07","guid":{"rendered":"https:\/\/centraldeportes.com.ar\/?p=55348"},"modified":"2025-02-13T23:05:24","modified_gmt":"2025-02-14T02:05:24","slug":"femenino-la-fecha-se-completo-con-el-fallo-del-tribunal-de-disciplina","status":"publish","type":"post","link":"https:\/\/cdnoticias.com\/index.php\/2024\/09\/19\/femenino-la-fecha-se-completo-con-el-fallo-del-tribunal-de-disciplina\/","title":{"rendered":"Femenino: la fecha se complet\u00f3 con el fallo del Tribunal de Disciplina"},"content":{"rendered":"<p>El \u00f3rgano liguista decidi\u00f3 sancionar a Ferro tras la suspensi\u00f3n del partido contra El Fort\u00edn. Adem\u00e1s, la 4\u00b0 fecha dej\u00f3 los triunfos de Ciudad, Municipales y Estudiantes en el cl\u00e1sico.<!--more--><\/p>\n<hr \/>\n<p>La <strong>Primera Divisi\u00f3n del f\u00fatbol femenino olavarriense<\/strong> prosigui\u00f3 el domingo pasado con la <strong>4\u00b0 jornada del Torneo Clausura<\/strong>, pero, de los cuatro duelos en agenda, solo se jugaron tres.<\/p>\n<p>&nbsp;<\/p>\n<p>Es que el partido que deb\u00edan disputar <strong>Ferro \u2013 El Fort\u00edn<\/strong> en cancha de Municipales fue suspendido en la previa. <strong>Seg\u00fan trascendi\u00f3, no hubo acceso a ninguno de los vestuarios (estaban cerrados bajo llave) por lo que, al no estar dadas las condiciones, la m\u00e1xima autoridad decidi\u00f3 cancelar el encuentro<\/strong>.<\/p>\n<p>&nbsp;<\/p>\n<p><strong>Por tal motivo, el Tribunal de Disciplina dictamin\u00f3 sobre la situaci\u00f3n que compromet\u00eda al conjunto local y decidi\u00f3 darle los puntos a El Fort\u00edn.<\/strong><\/p>\n<p>&nbsp;<\/p>\n<p>En los que s\u00ed hubo acci\u00f3n, <strong>Estudiantes<\/strong> derrot\u00f3 a <strong>Racing<\/strong> en el cl\u00e1sico olavarriense y se mantiene en lo m\u00e1s alto de la tabla. Adem\u00e1s, <strong>Municipales<\/strong> gole\u00f3 a<strong> Embajadores<\/strong> en el sint\u00e9tico y <strong>Ciudad de Olavarr\u00eda<\/strong> derrot\u00f3 a <strong>Mu\u00f1oz<\/strong> en cancha de Hinojo.<\/p>\n<p>&nbsp;<\/p>\n<ul>\n<li>\n<h6><strong>Los resultados:<\/strong><\/h6>\n<\/li>\n<\/ul>\n<p>&nbsp;<\/p>\n<h6>Primera Divisi\u00f3n<\/h6>\n<p>&nbsp;<\/p>\n<p><strong>Ciudad de Olavarr\u00eda<\/strong> (Betiana Pisso y Luz Attad\u00eda -2-) <strong>3 \u2013 0 Mu\u00f1oz<\/strong><\/p>\n<p><strong>Racing 0 \u2013 1 Estudiantes<\/strong> (Valeria Oron\u00e1)<\/p>\n<p><strong>Municipales<\/strong> (Ana Valderrey, Malena Cal\u00e1z -2- y Luc\u00eda Reyes) <strong>4 \u2013 0 Embajadores<\/strong><\/p>\n<p>Ferro \u2013 El Fort\u00edn (<strong>Suspendido \u2013 resolvi\u00f3 el Tribunal de Disciplina con victoria 1 \u2013 0 para El Fort\u00edn<\/strong>)<\/p>\n<p>Libre: Espigas.<\/p>\n<hr \/>\n<p><img data-recalc-dims=\"1\" loading=\"lazy\" decoding=\"async\" class=\"aligncenter size-full wp-image-55349\" src=\"https:\/\/i0.wp.com\/cdnoticias.com\/wp-content\/uploads\/2024\/09\/Posiciones-4%C2%B0-Fecha-Clausura-Femenino.png?resize=786%2C447&#038;ssl=1\" alt=\"\" width=\"786\" height=\"447\" \/><\/p>\n<ul>\n<li>\n<h6><strong>Partidos de la 5\u00b0 fecha:<\/strong><\/h6>\n<\/li>\n<\/ul>\n<p>&nbsp;<\/p>\n<p><em><strong>Domingo 22\/09<\/strong><\/em><\/p>\n<p>&nbsp;<\/p>\n<p><strong>Embajadores \u2013 Espigas<\/strong> (11:00 horas en el Clemente Di Carlo)<\/p>\n<p><strong>Mu\u00f1oz \u2013 Ferro<\/strong> (11:00 horas en el Enrique De la Quintana)<\/p>\n<p><strong>El Fort\u00edn \u2013 Estudiantes<\/strong> (11:00 horas en el Ricardo S\u00e1nchez)<\/p>\n<p><strong>Ciudad de Olavarr\u00eda \u2013 Racing<\/strong> (14:00 horas en el Pedro Iriart Legorburu)<\/p>\n<hr \/>\n<ul>\n<li>\n<h6><strong>Divisiones Inferiores \u2013 5\u00b0 Fecha del \u201cMemorial Sole Angeletti\u201d:<\/strong><\/h6>\n<\/li>\n<\/ul>\n<p>&nbsp;<\/p>\n<h6>Sub 16<\/h6>\n<p>Embajadores <strong>0 \u2013 5<\/strong> Municipales<\/p>\n<p>Racing <strong>0 \u2013 1<\/strong> Estudiantes<\/p>\n<p>El Fort\u00edn <strong>0 \u2013 2<\/strong> Sierra Chica<\/p>\n<h6><\/h6>\n<h6>Sub 14<\/h6>\n<p>Municipales <strong>5 \u2013 1<\/strong> Estudiantes<\/p>\n<p>&nbsp;<\/p>\n<p><em><strong>Foto: Prensa CAE.<\/strong><\/em><\/p>\n","protected":false},"excerpt":{"rendered":"<p>El \u00f3rgano liguista decidi\u00f3 sancionar a Ferro tras la suspensi\u00f3n del partido contra El Fort\u00edn. Adem\u00e1s, la 4\u00b0 fecha dej\u00f3<\/p>\n","protected":false},"author":96739694,"featured_media":162855,"comment_status":"closed","ping_status":"closed","sticky":false,"template":"","format":"standard","meta":{"_jetpack_memberships_contains_paid_content":false,"footnotes":""},"categories":[47,35,1],"tags":[],"class_list":["post-136184","post","type-post","status-publish","format-standard","has-post-thumbnail","hentry","category-femenino","category-futbol","category-portada"],"jetpack_featured_media_url":"https:\/\/i0.wp.com\/cdnoticias.com\/wp-content\/uploads\/2024\/09\/CAE-Femenino-Fecha-4-del-Clausura-2024.jpg?fit=990%2C580&ssl=1","jetpack_sharing_enabled":true,"_links":{"self":[{"href":"https:\/\/cdnoticias.com\/index.php\/wp-json\/wp\/v2\/posts\/136184","targetHints":{"allow":["GET"]}}],"collection":[{"href":"https:\/\/cdnoticias.com\/index.php\/wp-json\/wp\/v2\/posts"}],"about":[{"href":"https:\/\/cdnoticias.com\/index.php\/wp-json\/wp\/v2\/types\/post"}],"author":[{"embeddable":true,"href":"https:\/\/cdnoticias.com\/index.php\/wp-json\/wp\/v2\/users\/96739694"}],"replies":[{"embeddable":true,"href":"https:\/\/cdnoticias.com\/index.php\/wp-json\/wp\/v2\/comments?post=136184"}],"version-history":[{"count":0,"href":"https:\/\/cdnoticias.com\/index.php\/wp-json\/wp\/v2\/posts\/136184\/revisions"}],"wp:featuredmedia":[{"embeddable":true,"href":"https:\/\/cdnoticias.com\/index.php\/wp-json\/wp\/v2\/media\/162855"}],"wp:attachment":[{"href":"https:\/\/cdnoticias.com\/index.php\/wp-json\/wp\/v2\/media?parent=136184"}],"wp:term":[{"taxonomy":"category","embeddable":true,"href":"https:\/\/cdnoticias.com\/index.php\/wp-json\/wp\/v2\/categories?post=136184"},{"taxonomy":"post_tag","embeddable":true,"href":"https:\/\/cdnoticias.com\/index.php\/wp-json\/wp\/v2\/tags?post=136184"}],"curies":[{"name":"wp","href":"https:\/\/api.w.org\/{rel}","templated":true}]}}