{"id":136183,"date":"2024-09-19T19:55:29","date_gmt":"2024-09-19T22:55:29","guid":{"rendered":"https:\/\/centraldeportes.com.ar\/?p=55339"},"modified":"2025-02-13T23:05:27","modified_gmt":"2025-02-14T02:05:27","slug":"la-seleccion-sub-13-goleo-a-tandil-y-es-lider-de-grupo","status":"publish","type":"post","link":"https:\/\/cdnoticias.com\/index.php\/2024\/09\/19\/la-seleccion-sub-13-goleo-a-tandil-y-es-lider-de-grupo\/","title":{"rendered":"La Selecci\u00f3n Sub 13 gole\u00f3 a Tandil y es l\u00edder de grupo"},"content":{"rendered":"\n<div class=\"wp-block-group is-layout-constrained wp-block-group-is-layout-constrained\">\n<p>Este \u00faltimo mi\u00e9rcoles, el combinado juvenil olavarriense se impuso 4 a 0 en cancha de Embajadores y sum\u00f3 su tercera victoria consecutiva en el Torneo de Selecciones.<!--more--><\/p>\n<hr \/>\n<p>Tres jugados y tres ganados para la <strong>Selecci\u00f3n Sub 13 de Olavarr\u00eda<\/strong> en el certamen que organiza la <strong>Federaci\u00f3n de F\u00fatbol Bonaerense Pampeana<\/strong>. Este pasado mi\u00e9rcoles, en el sint\u00e9tico del Clemente \u201cTete\u201d Di Carlo, fue con goleada ante <strong>Tandil<\/strong>.<\/p>\n<p>\u00a0<\/p>\n<p>Por la<strong> 3\u00b0 fecha<\/strong> del Torneo Federal de Selecciones, <strong>el conjunto olavarriense venci\u00f3 4 a 0 a los tandilenses<\/strong> con los tantos de <strong>Isa\u00edas Garc\u00eda, Juan Ignacio Cariman y Jaime Azato por duplicado<\/strong>.<\/p>\n<p>\u00a0<\/p>\n<p>[soliloquy id=&#8221;55315&#8243;]<\/p>\n<p>\u00a0<\/p>\n<p>Tal victoria, deposit\u00f3 a los dirigidos por Dardo Seibel en la cima de la Zona 1 con puntaje ideal. Adem\u00e1s, culminada la primera rueda, es el \u00fanico invicto del grupo.<\/p>\n<p>\u00a0<\/p>\n<p>Por su parte, en el otro cruce, <strong>Rauch derrot\u00f3 como local 2 a 1 la Selecci\u00f3n de Azul<\/strong> y concret\u00f3 su primer festejo en la competencia.<\/p>\n<p>\u00a0<\/p>\n<p>La pr\u00f3xima fecha marcar\u00e1 el inicio de las revanchas, por lo que el combinado Sub 13 viajar\u00e1 a la vecina ciudad para enfrentar nuevamente al representantivo azule\u00f1o.<\/p>\n<hr \/>\n<p><img data-recalc-dims=\"1\" loading=\"lazy\" decoding=\"async\" class=\"aligncenter size-full wp-image-55341\" src=\"https:\/\/i0.wp.com\/cdnoticias.com\/wp-content\/uploads\/2024\/09\/TNS-Sub-13-Posiciones-Fecha-3.png?resize=787%2C239&#038;ssl=1\" alt=\"\" width=\"787\" height=\"239\" \/><\/p>\n<hr \/>\n<\/div>\n","protected":false},"excerpt":{"rendered":"<p>Este \u00faltimo mi\u00e9rcoles, el combinado juvenil olavarriense se impuso 4 a 0 en cancha de Embajadores y sum\u00f3 su tercera<\/p>\n","protected":false},"author":96739694,"featured_media":162861,"comment_status":"closed","ping_status":"closed","sticky":false,"template":"","format":"standard","meta":{"_jetpack_memberships_contains_paid_content":false,"footnotes":""},"categories":[35,40,1],"tags":[],"class_list":["post-136183","post","type-post","status-publish","format-standard","has-post-thumbnail","hentry","category-futbol","category-inferiores","category-portada"],"jetpack_featured_media_url":"https:\/\/i0.wp.com\/cdnoticias.com\/wp-content\/uploads\/2024\/09\/Sub13-lfo-1.jpg?fit=1280%2C853&ssl=1","jetpack_sharing_enabled":true,"_links":{"self":[{"href":"https:\/\/cdnoticias.com\/index.php\/wp-json\/wp\/v2\/posts\/136183","targetHints":{"allow":["GET"]}}],"collection":[{"href":"https:\/\/cdnoticias.com\/index.php\/wp-json\/wp\/v2\/posts"}],"about":[{"href":"https:\/\/cdnoticias.com\/index.php\/wp-json\/wp\/v2\/types\/post"}],"author":[{"embeddable":true,"href":"https:\/\/cdnoticias.com\/index.php\/wp-json\/wp\/v2\/users\/96739694"}],"replies":[{"embeddable":true,"href":"https:\/\/cdnoticias.com\/index.php\/wp-json\/wp\/v2\/comments?post=136183"}],"version-history":[{"count":0,"href":"https:\/\/cdnoticias.com\/index.php\/wp-json\/wp\/v2\/posts\/136183\/revisions"}],"wp:featuredmedia":[{"embeddable":true,"href":"https:\/\/cdnoticias.com\/index.php\/wp-json\/wp\/v2\/media\/162861"}],"wp:attachment":[{"href":"https:\/\/cdnoticias.com\/index.php\/wp-json\/wp\/v2\/media?parent=136183"}],"wp:term":[{"taxonomy":"category","embeddable":true,"href":"https:\/\/cdnoticias.com\/index.php\/wp-json\/wp\/v2\/categories?post=136183"},{"taxonomy":"post_tag","embeddable":true,"href":"https:\/\/cdnoticias.com\/index.php\/wp-json\/wp\/v2\/tags?post=136183"}],"curies":[{"name":"wp","href":"https:\/\/api.w.org\/{rel}","templated":true}]}}