{"id":13618,"date":"2021-02-12T17:50:44","date_gmt":"2021-02-12T20:50:44","guid":{"rendered":"http:\/\/www.centraldenoticias.com.ar\/?p=13618"},"modified":"2021-02-12T17:51:55","modified_gmt":"2021-02-12T20:51:55","slug":"aumento-de-casos-32-nuevos-contagios-y-132-pacientes-activos","status":"publish","type":"post","link":"https:\/\/cdnoticias.com\/index.php\/2021\/02\/12\/aumento-de-casos-32-nuevos-contagios-y-132-pacientes-activos\/","title":{"rendered":"Aumento de casos: 32 nuevos  contagios y 132 pacientes activos"},"content":{"rendered":"<p>Adem\u00e1s del fallecimiento de otro paciente positivo de Covid19, Olavarr\u00eda duplic\u00f3 las cifras de nuevos casos que ven\u00eda registrando en los \u00faltimos d\u00edas.<!--more--><\/p>\n<hr \/>\n<p>Tras d\u00edas de marcado descenso de casos, Olavarr\u00eda culmina la semana con un registro preocupante. Adem\u00e1s de <a href=\"https:\/\/cdnoticias.com\/index.php\/2021\/02\/12\/este-viernes-fallecio-una-mujer-de-83-anos-con-coronavirus\/\" target=\"_blank\" rel=\"noopener\">la muerte de una paciente<\/a>, registr\u00f3 32 nuevos casos positivos, <strong>cifra que pr\u00e1cticamente duplica los valores de d\u00edas atr\u00e1s, adem\u00e1s de traducirse en la cifra de contagios m\u00e1s alta de la semana.<\/strong><\/p>\n<p>&nbsp;<\/p>\n<p><img data-recalc-dims=\"1\" loading=\"lazy\" decoding=\"async\" class=\"alignnone size-large wp-image-13616\" src=\"https:\/\/i0.wp.com\/cdnoticias.com\/wp-content\/uploads\/2021\/02\/parte-9.jpg?resize=800%2C393&#038;ssl=1\" alt=\"\" width=\"800\" height=\"393\" srcset=\"https:\/\/i0.wp.com\/cdnoticias.com\/wp-content\/uploads\/2021\/02\/parte-9.jpg?resize=1024%2C503&amp;ssl=1 1024w, https:\/\/i0.wp.com\/cdnoticias.com\/wp-content\/uploads\/2021\/02\/parte-9.jpg?resize=300%2C147&amp;ssl=1 300w, https:\/\/i0.wp.com\/cdnoticias.com\/wp-content\/uploads\/2021\/02\/parte-9.jpg?resize=768%2C377&amp;ssl=1 768w, https:\/\/i0.wp.com\/cdnoticias.com\/wp-content\/uploads\/2021\/02\/parte-9.jpg?w=1164&amp;ssl=1 1164w\" sizes=\"auto, (max-width: 800px) 100vw, 800px\" \/><\/p>\n<p>&nbsp;<\/p>\n<p>A la par, seg\u00fan se a\u00f1adi\u00f3 desde el \u00e1rea de Salud Municipal, 25 pacientes recibieron el alta m\u00e9dica, por lo que<strong> el n\u00famero de pacientes activos es de 132.<\/strong><\/p>\n<p>&nbsp;<\/p>\n<p><strong>Sobre los nuevos casos se a\u00f1adi\u00f3 que corresponden a nexos con positivos anteriores<\/strong>. Vale recordar que por condiciones clim\u00e1ticas adversas este viernes no se realiz\u00f3 el Programa RTA y todos los hisopados se llevaron a cabo en la Sociedad de Fomento \u201cMariano Moreno\u201d.<\/p>\n<p>&nbsp;<\/p>\n<p><img data-recalc-dims=\"1\" loading=\"lazy\" decoding=\"async\" class=\"alignnone size-large wp-image-13614\" src=\"https:\/\/i0.wp.com\/cdnoticias.com\/wp-content\/uploads\/2021\/02\/contagios.jpg?resize=800%2C417&#038;ssl=1\" alt=\"\" width=\"800\" height=\"417\" srcset=\"https:\/\/i0.wp.com\/cdnoticias.com\/wp-content\/uploads\/2021\/02\/contagios.jpg?resize=1024%2C534&amp;ssl=1 1024w, https:\/\/i0.wp.com\/cdnoticias.com\/wp-content\/uploads\/2021\/02\/contagios.jpg?resize=300%2C156&amp;ssl=1 300w, https:\/\/i0.wp.com\/cdnoticias.com\/wp-content\/uploads\/2021\/02\/contagios.jpg?resize=768%2C400&amp;ssl=1 768w, https:\/\/i0.wp.com\/cdnoticias.com\/wp-content\/uploads\/2021\/02\/contagios.jpg?w=1120&amp;ssl=1 1120w\" sizes=\"auto, (max-width: 800px) 100vw, 800px\" \/><\/p>\n<p>&nbsp;<\/p>\n<p>Por \u00faltimo, sobre la situaci\u00f3n del Hospital Municipal \u201cDoctor H\u00e9ctor Cura\u201d, se agreg\u00f3 que <strong>hay nueve pacientes en Unidad de Terapia Intensiva y ocho en Cuidados Generales. No hay internados en el sector de Pediatr\u00eda.<\/strong><\/p>\n<p>&nbsp;<\/p>\n<p>Por \u00faltimo se a\u00f1adi\u00f3 que <strong>el 81% de los casos positivos corresponden a personas con menos de 60 a\u00f1os.<\/strong><\/p>\n","protected":false},"excerpt":{"rendered":"<p>Adem\u00e1s del fallecimiento de otro paciente positivo de Covid19, Olavarr\u00eda duplic\u00f3 las cifras de nuevos casos que ven\u00eda registrando en<\/p>\n","protected":false},"author":3,"featured_media":1503,"comment_status":"closed","ping_status":"closed","sticky":false,"template":"","format":"standard","meta":{"_jetpack_memberships_contains_paid_content":false,"footnotes":""},"categories":[5,1],"tags":[],"class_list":["post-13618","post","type-post","status-publish","format-standard","has-post-thumbnail","hentry","category-informacion-general","category-portada"],"jetpack_featured_media_url":"https:\/\/i0.wp.com\/cdnoticias.com\/wp-content\/uploads\/2020\/09\/Salud-Guardia-Hospital-1.jpg?fit=987%2C740&ssl=1","jetpack_sharing_enabled":true,"_links":{"self":[{"href":"https:\/\/cdnoticias.com\/index.php\/wp-json\/wp\/v2\/posts\/13618","targetHints":{"allow":["GET"]}}],"collection":[{"href":"https:\/\/cdnoticias.com\/index.php\/wp-json\/wp\/v2\/posts"}],"about":[{"href":"https:\/\/cdnoticias.com\/index.php\/wp-json\/wp\/v2\/types\/post"}],"author":[{"embeddable":true,"href":"https:\/\/cdnoticias.com\/index.php\/wp-json\/wp\/v2\/users\/3"}],"replies":[{"embeddable":true,"href":"https:\/\/cdnoticias.com\/index.php\/wp-json\/wp\/v2\/comments?post=13618"}],"version-history":[{"count":0,"href":"https:\/\/cdnoticias.com\/index.php\/wp-json\/wp\/v2\/posts\/13618\/revisions"}],"wp:featuredmedia":[{"embeddable":true,"href":"https:\/\/cdnoticias.com\/index.php\/wp-json\/wp\/v2\/media\/1503"}],"wp:attachment":[{"href":"https:\/\/cdnoticias.com\/index.php\/wp-json\/wp\/v2\/media?parent=13618"}],"wp:term":[{"taxonomy":"category","embeddable":true,"href":"https:\/\/cdnoticias.com\/index.php\/wp-json\/wp\/v2\/categories?post=13618"},{"taxonomy":"post_tag","embeddable":true,"href":"https:\/\/cdnoticias.com\/index.php\/wp-json\/wp\/v2\/tags?post=13618"}],"curies":[{"name":"wp","href":"https:\/\/api.w.org\/{rel}","templated":true}]}}