{"id":136173,"date":"2024-09-17T19:58:08","date_gmt":"2024-09-17T22:58:08","guid":{"rendered":"https:\/\/centraldeportes.com.ar\/?p=55265"},"modified":"2025-02-13T23:02:54","modified_gmt":"2025-02-14T02:02:54","slug":"boxeo-alan-cos-festejo-en-bolivar","status":"publish","type":"post","link":"https:\/\/cdnoticias.com\/index.php\/2024\/09\/17\/boxeo-alan-cos-festejo-en-bolivar\/","title":{"rendered":"Boxeo: Alan Cos festej\u00f3 en Bol\u00edvar"},"content":{"rendered":"<p>El pasado viernes en el Estadio Rep\u00fablica de Venezuela de Bol\u00edvar hubo un festival amateur-profesional organizado en conjunto por Hern\u00e1n Gonz\u00e1lez, Walter Cabral y la Direcci\u00f3n de Deportes Municipal y el cierre de la velada estuvo a cargo de Alan Cos que se impuso en las tarjetas.<!--more--><\/p>\n<hr \/>\n<p>La velada que cont\u00f3 con un aceptable marco de p\u00fablico y numerosos combates, m\u00e1s algunas exhibiciones tuvo, en el cierre profesional de la noche, al olavarriense Alan Cos enfrentando al local Pablo Torraco, en una pelea enmarcada dentro de la categor\u00eda S\u00faper Ligeros.<\/p>\n<p>&nbsp;<\/p>\n<p>El p\u00fagil que representa al gimnasio Boxing Cos, pupilo de Marcelo Crucce, ahora acumula un r\u00e9cord de cuatro triunfos (uno de ellos por KO), dos derrotas y un empate.<\/p>\n","protected":false},"excerpt":{"rendered":"<p>El pasado viernes en el Estadio Rep\u00fablica de Venezuela de Bol\u00edvar hubo un festival amateur-profesional organizado en conjunto por Hern\u00e1n<\/p>\n","protected":false},"author":96739694,"featured_media":162745,"comment_status":"closed","ping_status":"closed","sticky":false,"template":"","format":"standard","meta":{"_jetpack_memberships_contains_paid_content":false,"footnotes":""},"categories":[30,1],"tags":[],"class_list":["post-136173","post","type-post","status-publish","format-standard","has-post-thumbnail","hentry","category-polideportivo","category-portada"],"jetpack_featured_media_url":"https:\/\/i0.wp.com\/cdnoticias.com\/wp-content\/uploads\/2024\/09\/resize_1726427306-e1726613876513.jpg?fit=1024%2C624&ssl=1","jetpack_sharing_enabled":true,"_links":{"self":[{"href":"https:\/\/cdnoticias.com\/index.php\/wp-json\/wp\/v2\/posts\/136173","targetHints":{"allow":["GET"]}}],"collection":[{"href":"https:\/\/cdnoticias.com\/index.php\/wp-json\/wp\/v2\/posts"}],"about":[{"href":"https:\/\/cdnoticias.com\/index.php\/wp-json\/wp\/v2\/types\/post"}],"author":[{"embeddable":true,"href":"https:\/\/cdnoticias.com\/index.php\/wp-json\/wp\/v2\/users\/96739694"}],"replies":[{"embeddable":true,"href":"https:\/\/cdnoticias.com\/index.php\/wp-json\/wp\/v2\/comments?post=136173"}],"version-history":[{"count":0,"href":"https:\/\/cdnoticias.com\/index.php\/wp-json\/wp\/v2\/posts\/136173\/revisions"}],"wp:featuredmedia":[{"embeddable":true,"href":"https:\/\/cdnoticias.com\/index.php\/wp-json\/wp\/v2\/media\/162745"}],"wp:attachment":[{"href":"https:\/\/cdnoticias.com\/index.php\/wp-json\/wp\/v2\/media?parent=136173"}],"wp:term":[{"taxonomy":"category","embeddable":true,"href":"https:\/\/cdnoticias.com\/index.php\/wp-json\/wp\/v2\/categories?post=136173"},{"taxonomy":"post_tag","embeddable":true,"href":"https:\/\/cdnoticias.com\/index.php\/wp-json\/wp\/v2\/tags?post=136173"}],"curies":[{"name":"wp","href":"https:\/\/api.w.org\/{rel}","templated":true}]}}