{"id":136172,"date":"2024-09-17T18:22:48","date_gmt":"2024-09-17T21:22:48","guid":{"rendered":"https:\/\/centraldeportes.com.ar\/?p=55262"},"modified":"2025-02-13T23:02:55","modified_gmt":"2025-02-14T02:02:55","slug":"acop-se-cerro-la-undecima-fecha-del-circuito-local","status":"publish","type":"post","link":"https:\/\/cdnoticias.com\/index.php\/2024\/09\/17\/acop-se-cerro-la-undecima-fecha-del-circuito-local\/","title":{"rendered":"ACOP: se cerr\u00f3 la und\u00e9cima fecha del circuito local"},"content":{"rendered":"<p>Finaliz\u00f3 otro gran fin de semana del circuito local de p\u00e1del, perteneciente calendario anual de la Asociaci\u00f3n Civil de P\u00e1del Olavarriense. En esta ocasi\u00f3n fue con el cierre de la und\u00e9cima fecha para las categor\u00edas pares con la participaci\u00f3n de m\u00e1s de 60 parejas.<!--more--><\/p>\n<hr \/>\n<p>La continuidad del calendario\u00a0 cont\u00f3 con un total de 64 parejas anotadas distribuidas en cinco divisiones: Segunda Caballeros (Club de Amigos), Tercera y Cuarta Damas (Club de Amigos),Cuarta Caballeros (Las Terrazzas), Sexta Caballeros (El Triunfo), Sexta Damas (Padeltime).<\/p>\n<p>&nbsp;<\/p>\n<p>En Segunda Caballeros, se impuso la dupla integrada por Gast\u00f3n Ressia y Joaqu\u00edn Hern\u00e1ndez, quienes en la final derrotaron por un doble 6\/4 a Javier L\u00f3pez y Manuel Zulaica.<\/p>\n<p>&nbsp;<\/p>\n<p>Por otro lado en Tercera y Cuarta Damas festejaron Carina Pedrozo y Mirna Maisonnave. Las campeonas vencieron en al final a Jazm\u00edn Dos Santos y Emma Di Tullio por 6\/1 y 6\/1<\/p>\n<p>&nbsp;<\/p>\n<p>En Cuarta Caballeros se consagr\u00f3 campe\u00f3n la pareja conformada por Agust\u00edn Bianchi y Marcelino Zulaica, quienes no tuvieron dificultad para superar por 6\/1 y 6\/0 a Lautaro Digiacomo y Santiago S\u00e1enz Buruaga.<\/p>\n<p>&nbsp;<\/p>\n<p>En cuanto a Sexta Caballeros se quedaron con el t\u00edtulo Santino Salazar y Tomas Gamondi, quienes en la definici\u00f3n se impusieron a Franco Debitto y Alexander Fr\u00edas por 6\/2 y 6\/3.<\/p>\n<p>&nbsp;<\/p>\n<p>Por \u00faltimo en Damas de Sexta, se consagr\u00f3 la dupla compuesta por Matilde Dura\u00f1ona y Fernanda Faedda. Las campeonas se impusieron 6\/2 y 6\/3 a Estefan\u00eda Alsina y Guadalupe Albin.<\/p>\n","protected":false},"excerpt":{"rendered":"<p>Finaliz\u00f3 otro gran fin de semana del circuito local de p\u00e1del, perteneciente calendario anual de la Asociaci\u00f3n Civil de P\u00e1del<\/p>\n","protected":false},"author":96739694,"featured_media":162747,"comment_status":"closed","ping_status":"closed","sticky":false,"template":"","format":"standard","meta":{"_jetpack_memberships_contains_paid_content":false,"footnotes":""},"categories":[1,55],"tags":[],"class_list":["post-136172","post","type-post","status-publish","format-standard","has-post-thumbnail","hentry","category-portada","category-tenis-padel"],"jetpack_featured_media_url":"https:\/\/i0.wp.com\/cdnoticias.com\/wp-content\/uploads\/2024\/09\/WhatsApp-Image-2024-09-17-at-17.05.28.jpeg?fit=1125%2C612&ssl=1","jetpack_sharing_enabled":true,"_links":{"self":[{"href":"https:\/\/cdnoticias.com\/index.php\/wp-json\/wp\/v2\/posts\/136172","targetHints":{"allow":["GET"]}}],"collection":[{"href":"https:\/\/cdnoticias.com\/index.php\/wp-json\/wp\/v2\/posts"}],"about":[{"href":"https:\/\/cdnoticias.com\/index.php\/wp-json\/wp\/v2\/types\/post"}],"author":[{"embeddable":true,"href":"https:\/\/cdnoticias.com\/index.php\/wp-json\/wp\/v2\/users\/96739694"}],"replies":[{"embeddable":true,"href":"https:\/\/cdnoticias.com\/index.php\/wp-json\/wp\/v2\/comments?post=136172"}],"version-history":[{"count":0,"href":"https:\/\/cdnoticias.com\/index.php\/wp-json\/wp\/v2\/posts\/136172\/revisions"}],"wp:featuredmedia":[{"embeddable":true,"href":"https:\/\/cdnoticias.com\/index.php\/wp-json\/wp\/v2\/media\/162747"}],"wp:attachment":[{"href":"https:\/\/cdnoticias.com\/index.php\/wp-json\/wp\/v2\/media?parent=136172"}],"wp:term":[{"taxonomy":"category","embeddable":true,"href":"https:\/\/cdnoticias.com\/index.php\/wp-json\/wp\/v2\/categories?post=136172"},{"taxonomy":"post_tag","embeddable":true,"href":"https:\/\/cdnoticias.com\/index.php\/wp-json\/wp\/v2\/tags?post=136172"}],"curies":[{"name":"wp","href":"https:\/\/api.w.org\/{rel}","templated":true}]}}