{"id":136156,"date":"2024-09-14T20:46:27","date_gmt":"2024-09-14T23:46:27","guid":{"rendered":"https:\/\/centraldeportes.com.ar\/?p=55141"},"modified":"2025-02-13T23:03:20","modified_gmt":"2025-02-14T02:03:20","slug":"juegos-bonaerenses-olavarria-cosecho-numerosas-clasificaciones-a-mar-del-plata-en-el-inter-regional","status":"publish","type":"post","link":"https:\/\/cdnoticias.com\/index.php\/2024\/09\/14\/juegos-bonaerenses-olavarria-cosecho-numerosas-clasificaciones-a-mar-del-plata-en-el-inter-regional\/","title":{"rendered":"Juegos Bonaerenses: Olavarr\u00eda cosech\u00f3 numerosas clasificaciones a Mar del Plata en el Inter Regional"},"content":{"rendered":"<p>En el inicio de la corriente semana se disput\u00f3 en la ciudad de Ezeiza la etapa inter regional de los Juegos Bonaerenses, instancia reservada para disciplinas deportivas de 5 o m\u00e1s integrantes, que fue incorporada para esta edici\u00f3n c\u00f3mo \u00faltimo filtro de cara a la final provincial que a fines de octubre se volver\u00e1 a disputar en Mar del Plata. Representantes olavarrienses protagonizaron una destacada actuaci\u00f3n, al punto que se cosecharon numerosos pasajes a la ciudad balnearia.<\/p>\n<p><!--more--><\/p>\n<hr \/>\n<p>La actividad se desarroll\u00f3 durante los d\u00edas lunes y martes, con nutridas delegaciones que salieron desde la Terminal de \u00d3mnibus, en viajes encabezados y coordinados desde la Subsecretar\u00eda de Deportes del Municipio.<\/p>\n<p>&nbsp;<\/p>\n<p>En lo que al lunes refiere, una de las disciplinas con mayor participaci\u00f3n local fue el b\u00e1squet, que tuvo una suerte dispar. C\u00e1neva en Escolar Sub15 masculino y San Mart\u00edn de Sierras Bayas en Sub15 masculino libre lograron clasificar, mientras que Ferro en U15 femenino y Racing en Sub17 masculino cayeron en sus respectivas presentaciones ante San Vicente y Trist\u00e1n Su\u00e1rez respectivamente.<\/p>\n<p>&nbsp;<\/p>\n<p>Algo similar sucedi\u00f3 con el hockey, que arrib\u00f3 con 4 equipos y logr\u00f3 dos clasificaciones. Ambas correspondieron a los conjuntos femenino, Sub14 y Sub16, que vencieron consecutivamente a conjuntos de Ezeiza (2-0 y 6-4 respectivamente). Los representantes masculinos cayeron ante Echeverr\u00eda 1 a 0 y 4 a 1.<\/p>\n<p>&nbsp;<\/p>\n<p>La \u00faltima clasificaci\u00f3n cosechada el d\u00eda lunes fue para un equipo de la Escuela 504, que accedi\u00f3 a Mar del Plata en f\u00fatbol para personas con discapacidad en la categor\u00eda Sub16 Nivel C.<\/p>\n<p>&nbsp;<\/p>\n<p>El resto de las participaciones locales fueron de Estudiantes en rugby, que cay\u00f3 en un ajustado 14 a 12 ante Echeverr\u00eda, derrota tambi\u00e9n para el representante de handball femenino de Rosario y los conjuntos locales de f\u00fatbol playa, que cayeron ante Lobos y Roque P\u00e9rez en Sub18 y Sub16 respectivamente.<\/p>\n<p>&nbsp;<\/p>\n<p>El martes fue sumamente destacado lo hecho por las y los representantes del v\u00f3ley olavarriense. Tal es as\u00ed que se obtuvieron las clasificaciones a la final provincial en Sub15 masculino libre (Estudiantes), Sub15 femenino libre (Estudiantes), Sub16 femenino escolar (Normal, EES 10) y en Sub17 libre femenino (Estudiantes).<\/p>\n<p>&nbsp;<\/p>\n<p>Tambi\u00e9n estar\u00e1n presentes en Mar del Plata tres equipos de f\u00fatbol 11. Uno ser\u00e1 el conjunto de Municipales, que se impuso en la categor\u00eda femenina libre Sub14 tras vencer por penales a San Vicente. Tambi\u00e9n estar\u00e1 el Sub14 libre masculino, con el selectivo de Olavarr\u00eda que en la final venci\u00f3 a Ca\u00f1uelas por 2 a 0. Por \u00faltimo, tambi\u00e9n nos representar\u00e1 la Escuela Secundaria 20, que se impuso en la categor\u00eda Sub16 Escolar al vencer por 2 a 0 a Roque P\u00e9rez.<\/p>\n<p>&nbsp;<\/p>\n<p>En softbol Sub12 Olavarr\u00eda perdi\u00f3 con Las Heras por 11 a 6.<\/p>\n<p>&nbsp;<\/p>\n<p>Por \u00faltimo, vale mencionar que quedan tan solo unas pocas disciplinas a definir para conocer el n\u00famero definitivo de olavarrienses que representar\u00e1n a nuestro Partido en la m\u00e1xima cita del deporte y la cultural de la provincia de Buenos Aires.<\/p>\n","protected":false},"excerpt":{"rendered":"<p>En el inicio de la corriente semana se disput\u00f3 en la ciudad de Ezeiza la etapa inter regional de los<\/p>\n","protected":false},"author":96739694,"featured_media":162795,"comment_status":"closed","ping_status":"closed","sticky":false,"template":"","format":"standard","meta":{"_jetpack_memberships_contains_paid_content":false,"footnotes":""},"categories":[30,1],"tags":[],"class_list":["post-136156","post","type-post","status-publish","format-standard","has-post-thumbnail","hentry","category-polideportivo","category-portada"],"jetpack_featured_media_url":"https:\/\/i0.wp.com\/cdnoticias.com\/wp-content\/uploads\/2024\/09\/Deportes-Inter-Regional-Bonarenses-14.jpeg?fit=1600%2C900&ssl=1","jetpack_sharing_enabled":true,"_links":{"self":[{"href":"https:\/\/cdnoticias.com\/index.php\/wp-json\/wp\/v2\/posts\/136156","targetHints":{"allow":["GET"]}}],"collection":[{"href":"https:\/\/cdnoticias.com\/index.php\/wp-json\/wp\/v2\/posts"}],"about":[{"href":"https:\/\/cdnoticias.com\/index.php\/wp-json\/wp\/v2\/types\/post"}],"author":[{"embeddable":true,"href":"https:\/\/cdnoticias.com\/index.php\/wp-json\/wp\/v2\/users\/96739694"}],"replies":[{"embeddable":true,"href":"https:\/\/cdnoticias.com\/index.php\/wp-json\/wp\/v2\/comments?post=136156"}],"version-history":[{"count":0,"href":"https:\/\/cdnoticias.com\/index.php\/wp-json\/wp\/v2\/posts\/136156\/revisions"}],"wp:featuredmedia":[{"embeddable":true,"href":"https:\/\/cdnoticias.com\/index.php\/wp-json\/wp\/v2\/media\/162795"}],"wp:attachment":[{"href":"https:\/\/cdnoticias.com\/index.php\/wp-json\/wp\/v2\/media?parent=136156"}],"wp:term":[{"taxonomy":"category","embeddable":true,"href":"https:\/\/cdnoticias.com\/index.php\/wp-json\/wp\/v2\/categories?post=136156"},{"taxonomy":"post_tag","embeddable":true,"href":"https:\/\/cdnoticias.com\/index.php\/wp-json\/wp\/v2\/tags?post=136156"}],"curies":[{"name":"wp","href":"https:\/\/api.w.org\/{rel}","templated":true}]}}