{"id":136137,"date":"2024-09-12T08:27:52","date_gmt":"2024-09-12T11:27:52","guid":{"rendered":"https:\/\/centraldeportes.com.ar\/?p=54990"},"modified":"2024-09-12T08:27:52","modified_gmt":"2024-09-12T11:27:52","slug":"estudiantes-fue-contundente-ante-ferro-y-se-afianzo-en-la-cima-de-la-zona-a-2","status":"publish","type":"post","link":"https:\/\/cdnoticias.com\/index.php\/2024\/09\/12\/estudiantes-fue-contundente-ante-ferro-y-se-afianzo-en-la-cima-de-la-zona-a-2\/","title":{"rendered":"Estudiantes fue contundente ante Ferro y se afianz\u00f3 en la cima de la Zona A"},"content":{"rendered":"<p>Por el adelantado de la 5\u00b0 fecha del Torneo \u201cFatiga\u201d Russo, el \u201cBata\u201d derrot\u00f3 2 a 0 al \u201cCarbonero\u201d en el Parque Carlos Guerrero.<!--more--><\/p>\n<hr \/>\n<p>Este mi\u00e9rcoles por la tarde, en la continuidad del campeonato local de Primera Divisi\u00f3n, <strong>Ferro<\/strong> y<strong> Estudiantes<\/strong> se vieron la cara en la previa de los cl\u00e1sicos y fue festejo para los dirigidos por Mauricio Peralta.<\/p>\n<p>&nbsp;<\/p>\n<p><strong>Con goles del juvenil Juan Masson en la primera mitad y de Franco Peralta en el segundo tiempo, el \u201cBata\u201d derrot\u00f3 2 a 0 al \u201cCarbonero\u201d<\/strong>, que hizo de local en el Parque Carlos Guerrero, y se mantiene como l\u00edder de la Zona A con puntaje ideal y la valla invicta.<\/p>\n<p>&nbsp;<\/p>\n<ul>\n<li>\n<h6><strong>El partido<\/strong><\/h6>\n<\/li>\n<\/ul>\n<p>&nbsp;<\/p>\n<p><strong>Corr\u00edan 4\u2019 en el cron\u00f3metro cuando Estudiantes, en la primera llegada del partido, encontr\u00f3 el gol e inici\u00f3 arriba en el marcador. Juan Masson, atento y acompa\u00f1ando la jugada, intervino en el rebote que dej\u00f3 Vedelini tras el disparo de Franco Peralta y decret\u00f3 la ventaja parcial.<\/strong><\/p>\n<p>&nbsp;<\/p>\n<p>Tres minutos despu\u00e9s, los de Peralta estuvieron cerca del segundo. Desde un tiro de esquina sobre la izquierda, Castar\u00e9s defini\u00f3 cerca del segundo palo (sin \u00e1ngulo) y la pelota roz\u00f3 en el horizontal.<\/p>\n<p>&nbsp;<\/p>\n<p>A partir de all\u00ed, no se registr\u00f3 jugada manifiesta alguna. Si bien Estudiantes hall\u00f3 velozmente el gol, el partido fue de tr\u00e1mite parejo y la tenencia fue m\u00e1s notoria en Ferro. Aun as\u00ed, el \u201cCarbonero\u201d no logr\u00f3 hizo trabajar demasiado al arquero Masson.<\/p>\n<p>&nbsp;<\/p>\n<p>[soliloquy id=&#8221;54992&#8243;]<\/p>\n<p>&nbsp;<\/p>\n<p>El segundo tiempo mantuvo la intensidad en la fricci\u00f3n y la disputa del esf\u00e9rico, pero las llegadas tambi\u00e9n fueron escasas. Cada vez que los de Diorio intentaron generar peligro, fueron interpuestos por la defensa \u201cAlbinegra\u201d, de buen partido.<\/p>\n<p>&nbsp;<\/p>\n<p><strong>Y en uno de los pocos remates certeros al arco, Estudiantes aprovech\u00f3 de contragolpe aumentar la diferencia. Gentil \u2013 reci\u00e9n ingresado \u2013 asisti\u00f3 excelente a Franco Peralta, quien defini\u00f3 esquinado al palo m\u00e1s lejano de Vedelini para el 2 \u2013 0.<\/strong><\/p>\n<p>&nbsp;<\/p>\n<p>El gol fue un baldazo de agua fr\u00eda para el \u201cCarbonero\u201d, que no supo encontrarle la vuelta al partido en su momento para empardar o luego para descontar. Contundente y eficaz fue el \u201cBataraz\u201d, que llegar\u00e1 entonado para el cl\u00e1sico del pr\u00f3ximo fin de semana ante Racing.<\/p>\n<p>&nbsp;<\/p>\n<p><strong>S\u00edntesis Ferro \u2013 Estudiantes: \u00a0<\/strong><\/p>\n<p><strong>Ferro (0):<\/strong> Franco Vedelini; Joaqu\u00edn Ayesa (A. Acu\u00f1a), Franco Aguirre, Math\u00edas Buongiorno, Mateo Tamagnini; Gast\u00f3n Borda (M. Gargaglione); Juan Manuel Ponce (Y. Gonz\u00e1lez), Jonathan Campos (J. Stular), Rodrigo Garro, Franco Hammerschmidt (E. Teves); Ram\u00f3n S\u00e1nchez. DT \u2013 Miguel Diorio.<\/p>\n<p><strong>Estudiantes (2): <\/strong>Juli\u00e1n Masson; Ramiro Alonso (A. Maldonado), Leandro Castar\u00e9s, Carlos Ruschetti, Brian Luna; Ger\u00f3nimo Candia, Tom\u00e1s Otazo (L. Braun), Federico Di Lorenzo, Juan Masson (B. Pad\u00edn); Franco Peralta y Bruno Peralta (K. Gentil). DT: Mauricio Peralta.<\/p>\n<p><strong>Goles<\/strong>: 4min PT Juan Masson (E) y 13min ST Franco Peralta (E).<\/p>\n<p><strong>Amonestados<\/strong>: Hammerschmidt (Ferro); Castar\u00e9s, Luna, Alonso y Mauricio Peralta \u2013 DT \u2013 (Estudiantes).<\/p>\n<p><strong>Expulsados<\/strong>: No hubo.<\/p>\n<p><strong>\u00c1rbitro<\/strong>: Nicol\u00e1s Moreno. <strong>Estadio<\/strong>: Parque Carlos Guerrero.<\/p>\n<p><strong>Reserva:<\/strong> Ferro <strong>1 \u2013 1<\/strong> Estudiantes.<\/p>\n","protected":false},"excerpt":{"rendered":"<p>Por el adelantado de la 5\u00b0 fecha del Torneo \u201cFatiga\u201d Russo, el \u201cBata\u201d derrot\u00f3 2 a 0 al \u201cCarbonero\u201d en<\/p>\n","protected":false},"author":96739695,"featured_media":54997,"comment_status":"closed","ping_status":"closed","sticky":false,"template":"","format":"standard","meta":{"_jetpack_memberships_contains_paid_content":false,"footnotes":""},"categories":[35,1,41],"tags":[],"class_list":["post-136137","post","type-post","status-publish","format-standard","has-post-thumbnail","hentry","category-futbol","category-portada","category-primera-y-reserva"],"jetpack_featured_media_url":"","jetpack_sharing_enabled":true,"_links":{"self":[{"href":"https:\/\/cdnoticias.com\/index.php\/wp-json\/wp\/v2\/posts\/136137","targetHints":{"allow":["GET"]}}],"collection":[{"href":"https:\/\/cdnoticias.com\/index.php\/wp-json\/wp\/v2\/posts"}],"about":[{"href":"https:\/\/cdnoticias.com\/index.php\/wp-json\/wp\/v2\/types\/post"}],"author":[{"embeddable":true,"href":"https:\/\/cdnoticias.com\/index.php\/wp-json\/wp\/v2\/users\/96739695"}],"replies":[{"embeddable":true,"href":"https:\/\/cdnoticias.com\/index.php\/wp-json\/wp\/v2\/comments?post=136137"}],"version-history":[{"count":0,"href":"https:\/\/cdnoticias.com\/index.php\/wp-json\/wp\/v2\/posts\/136137\/revisions"}],"wp:featuredmedia":[{"embeddable":true,"href":"https:\/\/cdnoticias.com\/index.php\/wp-json\/"}],"wp:attachment":[{"href":"https:\/\/cdnoticias.com\/index.php\/wp-json\/wp\/v2\/media?parent=136137"}],"wp:term":[{"taxonomy":"category","embeddable":true,"href":"https:\/\/cdnoticias.com\/index.php\/wp-json\/wp\/v2\/categories?post=136137"},{"taxonomy":"post_tag","embeddable":true,"href":"https:\/\/cdnoticias.com\/index.php\/wp-json\/wp\/v2\/tags?post=136137"}],"curies":[{"name":"wp","href":"https:\/\/api.w.org\/{rel}","templated":true}]}}