{"id":136130,"date":"2024-09-11T16:01:58","date_gmt":"2024-09-11T19:01:58","guid":{"rendered":"https:\/\/centraldeportes.com.ar\/?p=54964"},"modified":"2025-02-13T22:59:59","modified_gmt":"2025-02-14T01:59:59","slug":"podio-olavarriense-en-el-rural-bike-de-san-jorge","status":"publish","type":"post","link":"https:\/\/cdnoticias.com\/index.php\/2024\/09\/11\/podio-olavarriense-en-el-rural-bike-de-san-jorge\/","title":{"rendered":"Podio olavarriense en el Rural Bike de San Jorge"},"content":{"rendered":"<p>El pasado domingo por la ma\u00f1ana, San Jorge tuvo su Rural Bike, don hubo m\u00e1s de 70 inscriptos de toda la zona. El podio de la categor\u00eda competitiva fue para representantes del equipo de Aspen Bici.<!--more--><\/p>\n<hr \/>\n<p>Ciclistas de Olavarria, Laprida, Lamadrid, Bah\u00eda Blanca, Pig\u00fce, Sierra Chica, Bol\u00edvar, Orense, Azul, Saldungaray, Ch\u00e1vez, Tandil, Coronel Pringles, Tres Arroyos y Las Flores, hasta corredores locales participaron del Rural Bike San Jorge.<\/p>\n<p>&nbsp;<\/p>\n<p>Muchas familias de los mismos ciclistas y vecinos de otras ciudades de la regi\u00f3n se dieron cita al Rural Bike que fue organizado por el Club Atl\u00e9tico San Jorge y el municipio de Laprida.<\/p>\n<p>&nbsp;<\/p>\n<p>Tambi\u00e9n hubo encuentro infantil con m\u00e1s de 25 ni\u00f1os. De San Jorge y ni\u00f1os que hab\u00edan acompa\u00f1ado a su familia. Todos recibieron una medalla de recuerdo.<\/p>\n<p>&nbsp;<\/p>\n<p>Los resultados:<\/p>\n<p>Promocionales:<br \/>\nCaballeros:<br \/>\n1\u00b0 Diego Soroeta (Olavarr\u00eda) con 55:44<br \/>\n2\u00b0 Iv\u00e1n G\u00f3mez (La Madrid)<br \/>\n3\u00b0 Facundo Rodr\u00edguez (Bol\u00edvar)<\/p>\n<p>Damas:<br \/>\n1\u00b0 Mariela Urrutia (Bol\u00edvar)<br \/>\n2\u00b0 Mar\u00eda Garc\u00eda (Olavarr\u00eda)<br \/>\n3\u00b0 Nadia Z\u00e1rate (Olavarr\u00eda)<\/p>\n<p>&nbsp;<\/p>\n<p>Competitiva:<\/p>\n<p>Caballeros:<br \/>\n1\u00b0 Juan Gundel con 1:38:26<br \/>\n2\u00b0 Miguel Barzola<br \/>\n3\u00b0 Cristian Rold\u00e1n<br \/>\n4\u00b0 Juan Ortiz (San Jorge)<br \/>\n5\u00b0 Rub\u00e9n Mart\u00ednez (Pringles)<\/p>\n<p>Damas:<br \/>\n1\u00b0 Bel\u00e9n Pereyra (Benito Ju\u00e1rez)<br \/>\n2\u00b0 Bel\u00e9n Casta\u00f1ares (Laprida)<br \/>\n3\u00b0 Mar\u00eda Sandillo (Daireaux)<\/p>\n","protected":false},"excerpt":{"rendered":"<p>El pasado domingo por la ma\u00f1ana, San Jorge tuvo su Rural Bike, don hubo m\u00e1s de 70 inscriptos de toda<\/p>\n","protected":false},"author":96739694,"featured_media":162733,"comment_status":"closed","ping_status":"closed","sticky":false,"template":"","format":"standard","meta":{"_jetpack_memberships_contains_paid_content":false,"footnotes":""},"categories":[30,1],"tags":[],"class_list":["post-136130","post","type-post","status-publish","format-standard","has-post-thumbnail","hentry","category-polideportivo","category-portada"],"jetpack_featured_media_url":"https:\/\/i0.wp.com\/cdnoticias.com\/wp-content\/uploads\/2024\/09\/62870_1725925757-e1726081305650.jpeg?fit=1280%2C701&ssl=1","jetpack_sharing_enabled":true,"_links":{"self":[{"href":"https:\/\/cdnoticias.com\/index.php\/wp-json\/wp\/v2\/posts\/136130","targetHints":{"allow":["GET"]}}],"collection":[{"href":"https:\/\/cdnoticias.com\/index.php\/wp-json\/wp\/v2\/posts"}],"about":[{"href":"https:\/\/cdnoticias.com\/index.php\/wp-json\/wp\/v2\/types\/post"}],"author":[{"embeddable":true,"href":"https:\/\/cdnoticias.com\/index.php\/wp-json\/wp\/v2\/users\/96739694"}],"replies":[{"embeddable":true,"href":"https:\/\/cdnoticias.com\/index.php\/wp-json\/wp\/v2\/comments?post=136130"}],"version-history":[{"count":0,"href":"https:\/\/cdnoticias.com\/index.php\/wp-json\/wp\/v2\/posts\/136130\/revisions"}],"wp:featuredmedia":[{"embeddable":true,"href":"https:\/\/cdnoticias.com\/index.php\/wp-json\/wp\/v2\/media\/162733"}],"wp:attachment":[{"href":"https:\/\/cdnoticias.com\/index.php\/wp-json\/wp\/v2\/media?parent=136130"}],"wp:term":[{"taxonomy":"category","embeddable":true,"href":"https:\/\/cdnoticias.com\/index.php\/wp-json\/wp\/v2\/categories?post=136130"},{"taxonomy":"post_tag","embeddable":true,"href":"https:\/\/cdnoticias.com\/index.php\/wp-json\/wp\/v2\/tags?post=136130"}],"curies":[{"name":"wp","href":"https:\/\/api.w.org\/{rel}","templated":true}]}}