{"id":136124,"date":"2024-09-10T20:18:00","date_gmt":"2024-09-10T23:18:00","guid":{"rendered":"https:\/\/centraldeportes.com.ar\/?p=54906"},"modified":"2025-02-13T22:58:18","modified_gmt":"2025-02-14T01:58:18","slug":"paloma-routaboul-entreno-con-la-seleccion-argentina-u21","status":"publish","type":"post","link":"https:\/\/cdnoticias.com\/index.php\/2024\/09\/10\/paloma-routaboul-entreno-con-la-seleccion-argentina-u21\/","title":{"rendered":"Paloma Routaboul entren\u00f3 con la Selecci\u00f3n Argentina U21"},"content":{"rendered":"<p>En el transcurso de la pasada semana, la Selecci\u00f3n Argentina U21 concentr\u00f3 en el CeNARD y fue con la presencia de la olavarriense Paloma Routaboul.<!--more--><\/p>\n<hr \/>\n<p>La semana pasada, la Selecci\u00f3n Argentina U21 concentr\u00f3 en el Centro Nacional de Alto Rendimiento Deportivo como preparaci\u00f3n para el Sudamericano de Osorio, Chile, que se disputar\u00e1 del 25 al 29 de del corriente mes y entre la n\u00f3mina nacional estuvo presente la jugadora surgida en Estudiantes.<\/p>\n<p>&nbsp;<\/p>\n<p>De cara a definir las 14 jugadoras que representar\u00e1n a Argentina en el Sudamericano habr\u00e1 una nueva concentraci\u00f3n, pero vale destacar que la actual jugadora de Estudiantes de La Plata es categor\u00eda menor a la que buscar\u00e1 plaza para el Mundial 2025 de la categor\u00eda.<\/p>\n","protected":false},"excerpt":{"rendered":"<p>En el transcurso de la pasada semana, la Selecci\u00f3n Argentina U21 concentr\u00f3 en el CeNARD y fue con la presencia<\/p>\n","protected":false},"author":96739694,"featured_media":162602,"comment_status":"closed","ping_status":"closed","sticky":false,"template":"","format":"standard","meta":{"_jetpack_memberships_contains_paid_content":false,"footnotes":""},"categories":[30,1],"tags":[],"class_list":["post-136124","post","type-post","status-publish","format-standard","has-post-thumbnail","hentry","category-polideportivo","category-portada"],"jetpack_featured_media_url":"https:\/\/i0.wp.com\/cdnoticias.com\/wp-content\/uploads\/2024\/09\/457805455_18337051843126072_1655285307640804460_n-e1725926105233.jpg?fit=1440%2C835&ssl=1","jetpack_sharing_enabled":true,"_links":{"self":[{"href":"https:\/\/cdnoticias.com\/index.php\/wp-json\/wp\/v2\/posts\/136124","targetHints":{"allow":["GET"]}}],"collection":[{"href":"https:\/\/cdnoticias.com\/index.php\/wp-json\/wp\/v2\/posts"}],"about":[{"href":"https:\/\/cdnoticias.com\/index.php\/wp-json\/wp\/v2\/types\/post"}],"author":[{"embeddable":true,"href":"https:\/\/cdnoticias.com\/index.php\/wp-json\/wp\/v2\/users\/96739694"}],"replies":[{"embeddable":true,"href":"https:\/\/cdnoticias.com\/index.php\/wp-json\/wp\/v2\/comments?post=136124"}],"version-history":[{"count":0,"href":"https:\/\/cdnoticias.com\/index.php\/wp-json\/wp\/v2\/posts\/136124\/revisions"}],"wp:featuredmedia":[{"embeddable":true,"href":"https:\/\/cdnoticias.com\/index.php\/wp-json\/wp\/v2\/media\/162602"}],"wp:attachment":[{"href":"https:\/\/cdnoticias.com\/index.php\/wp-json\/wp\/v2\/media?parent=136124"}],"wp:term":[{"taxonomy":"category","embeddable":true,"href":"https:\/\/cdnoticias.com\/index.php\/wp-json\/wp\/v2\/categories?post=136124"},{"taxonomy":"post_tag","embeddable":true,"href":"https:\/\/cdnoticias.com\/index.php\/wp-json\/wp\/v2\/tags?post=136124"}],"curies":[{"name":"wp","href":"https:\/\/api.w.org\/{rel}","templated":true}]}}