{"id":136118,"date":"2024-09-09T17:24:04","date_gmt":"2024-09-09T20:24:04","guid":{"rendered":"https:\/\/centraldeportes.com.ar\/?p=54884"},"modified":"2025-02-13T22:58:34","modified_gmt":"2025-02-14T01:58:34","slug":"chingotto-y-galan-no-pudieron-coronar-la-buena-semana-en-madrid","status":"publish","type":"post","link":"https:\/\/cdnoticias.com\/index.php\/2024\/09\/09\/chingotto-y-galan-no-pudieron-coronar-la-buena-semana-en-madrid\/","title":{"rendered":"Chingotto y Gal\u00e1n no pudieron coronar la buena semana en Madrid"},"content":{"rendered":"<p>La definici\u00f3n del P1 qued\u00f3 en manos de Tapia \u2013 Coello, quienes vencieron por 6 \u2013 3 y 7 \u2013 6. Este mi\u00e9rcoles, ser\u00e1 el debut en Rotterdam.<!--more--><\/p>\n<hr \/>\n<p>Esquivo, una vez m\u00e1s, le fue el t\u00edtulo a <strong>\u201cFede\u201d Chingotto<\/strong> y <strong>Ale Gal\u00e1n<\/strong>. Y fue nuevamente en el \u201ccl\u00e1sico\u201d duelo de la temporada contra la pareja uno del Ranking, <strong>Agust\u00edn Tapia<\/strong> y <strong>Arturo Coello<\/strong>, quienes de desempe\u00f1aron con un gran nivel a lo largo de todo el torneo.<\/p>\n<p>&nbsp;<\/p>\n<p>La definici\u00f3n, disputada este \u00faltimo domingo en la pista central del WiZink Center,<strong> termin\u00f3 en derrota por sets consecutivos para el olavarriense y el madrile\u00f1o<\/strong>.<\/p>\n<p>&nbsp;<\/p>\n<p><img data-recalc-dims=\"1\" loading=\"lazy\" decoding=\"async\" class=\"aligncenter size-full wp-image-54885\" src=\"https:\/\/i0.wp.com\/cdnoticias.com\/wp-content\/uploads\/2024\/09\/Chingotto-y-Galan-P1-de-Madrid-Final1-e1725913432342.jpg?resize=793%2C506&#038;ssl=1\" alt=\"\" width=\"793\" height=\"506\" \/><\/p>\n<p>&nbsp;<\/p>\n<p><strong>Fue por 6 \u2013 3 y 7 \u2013 6 (3) tras una hora y media de juego<\/strong>. Adem\u00e1s de quedarse con la corona, Tapia y Coello empataron en cinco el global de finales ganadas entre ambas parejas.<\/p>\n<p>&nbsp;<\/p>\n<p>Sin embargo, <strong>esta semana entrante la \u201cChingal\u00e1n\u201d ir\u00e1 por la recuperaci\u00f3n en el P1 de Rotterdam<\/strong>. A\u00fan sin rivales confirmados, este mi\u00e9rcoles har\u00e1n su presentaci\u00f3n en el cuadro principal.<\/p>\n<p>&nbsp;<\/p>\n<p><em><strong>Fotos: Premier Padel.<\/strong><\/em><\/p>\n","protected":false},"excerpt":{"rendered":"<p>La definici\u00f3n del P1 qued\u00f3 en manos de Tapia \u2013 Coello, quienes vencieron por 6 \u2013 3 y 7 \u2013<\/p>\n","protected":false},"author":96739694,"featured_media":162630,"comment_status":"closed","ping_status":"closed","sticky":false,"template":"","format":"standard","meta":{"_jetpack_memberships_contains_paid_content":false,"footnotes":""},"categories":[1,55],"tags":[],"class_list":["post-136118","post","type-post","status-publish","format-standard","has-post-thumbnail","hentry","category-portada","category-tenis-padel"],"jetpack_featured_media_url":"https:\/\/i0.wp.com\/cdnoticias.com\/wp-content\/uploads\/2024\/09\/Chingotto-y-Galan-P1-de-Madrid-Final-e1725913395503.jpg?fit=800%2C530&ssl=1","jetpack_sharing_enabled":true,"_links":{"self":[{"href":"https:\/\/cdnoticias.com\/index.php\/wp-json\/wp\/v2\/posts\/136118","targetHints":{"allow":["GET"]}}],"collection":[{"href":"https:\/\/cdnoticias.com\/index.php\/wp-json\/wp\/v2\/posts"}],"about":[{"href":"https:\/\/cdnoticias.com\/index.php\/wp-json\/wp\/v2\/types\/post"}],"author":[{"embeddable":true,"href":"https:\/\/cdnoticias.com\/index.php\/wp-json\/wp\/v2\/users\/96739694"}],"replies":[{"embeddable":true,"href":"https:\/\/cdnoticias.com\/index.php\/wp-json\/wp\/v2\/comments?post=136118"}],"version-history":[{"count":0,"href":"https:\/\/cdnoticias.com\/index.php\/wp-json\/wp\/v2\/posts\/136118\/revisions"}],"wp:featuredmedia":[{"embeddable":true,"href":"https:\/\/cdnoticias.com\/index.php\/wp-json\/wp\/v2\/media\/162630"}],"wp:attachment":[{"href":"https:\/\/cdnoticias.com\/index.php\/wp-json\/wp\/v2\/media?parent=136118"}],"wp:term":[{"taxonomy":"category","embeddable":true,"href":"https:\/\/cdnoticias.com\/index.php\/wp-json\/wp\/v2\/categories?post=136118"},{"taxonomy":"post_tag","embeddable":true,"href":"https:\/\/cdnoticias.com\/index.php\/wp-json\/wp\/v2\/tags?post=136118"}],"curies":[{"name":"wp","href":"https:\/\/api.w.org\/{rel}","templated":true}]}}