{"id":136114,"date":"2024-09-08T19:04:48","date_gmt":"2024-09-08T22:04:48","guid":{"rendered":"https:\/\/centraldeportes.com.ar\/?p=54846"},"modified":"2024-09-08T19:04:48","modified_gmt":"2024-09-08T22:04:48","slug":"septiembre-arranco-con-una-concurrida-carrera-en-sierras-bayas-2","status":"publish","type":"post","link":"https:\/\/cdnoticias.com\/index.php\/2024\/09\/08\/septiembre-arranco-con-una-concurrida-carrera-en-sierras-bayas-2\/","title":{"rendered":"Septiembre arranc\u00f3 con una concurrida carrera en Sierras Bayas"},"content":{"rendered":"<p>Aprovechando la primaveral jornada dominical, en inmediaciones del centro de Sierras Bayas se complet\u00f3 una nueva edici\u00f3n de la carrera organizada por el grupo CB Running y fiscalizada por el C\u00edrculo de Atletas Veteranos de Olavarr\u00eda.<!--more--><\/p>\n<hr \/>\n<p>La carrera que se lleva cada a\u00f1o a principio del mes de septiembre cont\u00f3 con buen marco de participantes y tres distancias para competir. Adem\u00e1s, hubo carrera Kids.<\/p>\n<p>&nbsp;<\/p>\n<p>En lo que respecta a resultados, Diego D\u00edaz y Yamila Pedreira ganaron los 21K; Leonardo Landaburu y Yanina Schreiber hicieron lo propio en los 10K y en la distancia corta de 5K, festejaron -como casi siempre- Alfredo Ardiles y Valentina Mart\u00edn.<\/p>\n<p>&nbsp;<\/p>\n<p>[soliloquy id=&#8221;54865&#8243;]<\/p>\n<p>&nbsp;<\/p>\n<p>Los resultados:<\/p>\n<p>&nbsp;<\/p>\n<p>21K:<\/p>\n<p>Caballeros:<br \/>\n1\u00b0 Diego D\u00edaz con 1:17:08<br \/>\n2\u00b0 Diego Cisneros con 1:21:43<br \/>\n3\u00b0 Luis Baygorria con 1:22:50<br \/>\n4\u00b0 Juan \u00c1lvarez (Azul)<br \/>\n5\u00b0 Marcelo Gallo<\/p>\n<p>Damas:<br \/>\n1\u00b0 Yamila Pedreira con 1:37:39<br \/>\n2\u00b0 Florencia Ju\u00e1rez con 1:42:56<br \/>\n3\u00b0 Laura Trumpio con 1:43:42<br \/>\n4\u00b0 Manuela Ordo\u00f1ez<br \/>\n5\u00b0 Carolina Quinteros<\/p>\n<p>10K:<\/p>\n<p>Caballeros:<br \/>\n1\u00b0 Leonardo Landaburu con 34:53<br \/>\n2\u00b0 Diego Arias (Azul) con 36:58<br \/>\n3\u00b0 Miguel Bisconti con 39:40<br \/>\n4\u00b0 Rafael De los Santos (Azul)<br \/>\n5\u00b0 Jerem\u00edas Natanael Peralta<\/p>\n<p>Damas:<br \/>\n1\u00b0 Yanina Schreiber con 50:10<br \/>\n2\u00b0 Mar\u00eda Vigo con 50:36<br \/>\n3\u00b0 Mar\u00eda Malianni (La Madrid) con 50:41<br \/>\n4\u00b0 Patricia Etchebehere<br \/>\n5\u00b0 Yamila Evaristo<\/p>\n<p>5K:<\/p>\n<p>Caballeros:<br \/>\n1\u00b0 Alfredo Ardiles con 16:47<br \/>\n2\u00b0 Naim Arenzo<br \/>\n3\u00b0 Genaro Bustamante<br \/>\n4\u00b0 Jos\u00e9 Rigo<br \/>\n5\u00b0 Juan Osvaldo Su\u00e1rez<\/p>\n<p>Damas:<br \/>\n1\u00b0 Valentina Mart\u00edn con 22:02<br \/>\n2\u00b0 Natalia Manquepan Dentaro<br \/>\n3\u00b0 Pamela Danieli Pasquariello<br \/>\n4\u00b0 Romina Risue\u00f1o<br \/>\n5\u00b0 Cristina G\u00f3mez<\/p>\n","protected":false},"excerpt":{"rendered":"<p>Aprovechando la primaveral jornada dominical, en inmediaciones del centro de Sierras Bayas se complet\u00f3 una nueva edici\u00f3n de la carrera<\/p>\n","protected":false},"author":96739695,"featured_media":54848,"comment_status":"closed","ping_status":"closed","sticky":false,"template":"","format":"standard","meta":{"_jetpack_memberships_contains_paid_content":false,"footnotes":""},"categories":[38,1],"tags":[],"class_list":["post-136114","post","type-post","status-publish","format-standard","has-post-thumbnail","hentry","category-pedestrismo","category-portada"],"jetpack_featured_media_url":"","jetpack_sharing_enabled":true,"_links":{"self":[{"href":"https:\/\/cdnoticias.com\/index.php\/wp-json\/wp\/v2\/posts\/136114","targetHints":{"allow":["GET"]}}],"collection":[{"href":"https:\/\/cdnoticias.com\/index.php\/wp-json\/wp\/v2\/posts"}],"about":[{"href":"https:\/\/cdnoticias.com\/index.php\/wp-json\/wp\/v2\/types\/post"}],"author":[{"embeddable":true,"href":"https:\/\/cdnoticias.com\/index.php\/wp-json\/wp\/v2\/users\/96739695"}],"replies":[{"embeddable":true,"href":"https:\/\/cdnoticias.com\/index.php\/wp-json\/wp\/v2\/comments?post=136114"}],"version-history":[{"count":0,"href":"https:\/\/cdnoticias.com\/index.php\/wp-json\/wp\/v2\/posts\/136114\/revisions"}],"wp:featuredmedia":[{"embeddable":true,"href":"https:\/\/cdnoticias.com\/index.php\/wp-json\/wp\/v2\/posts\/54848"}],"wp:attachment":[{"href":"https:\/\/cdnoticias.com\/index.php\/wp-json\/wp\/v2\/media?parent=136114"}],"wp:term":[{"taxonomy":"category","embeddable":true,"href":"https:\/\/cdnoticias.com\/index.php\/wp-json\/wp\/v2\/categories?post=136114"},{"taxonomy":"post_tag","embeddable":true,"href":"https:\/\/cdnoticias.com\/index.php\/wp-json\/wp\/v2\/tags?post=136114"}],"curies":[{"name":"wp","href":"https:\/\/api.w.org\/{rel}","templated":true}]}}