{"id":136111,"date":"2024-09-07T22:56:42","date_gmt":"2024-09-08T01:56:42","guid":{"rendered":"https:\/\/centraldeportes.com.ar\/?p=54832"},"modified":"2025-02-13T22:58:43","modified_gmt":"2025-02-14T01:58:43","slug":"con-gol-de-barbieri-armenio-lo-gano-en-el-final-y-es-puntero","status":"publish","type":"post","link":"https:\/\/cdnoticias.com\/index.php\/2024\/09\/07\/con-gol-de-barbieri-armenio-lo-gano-en-el-final-y-es-puntero\/","title":{"rendered":"Con gol de Barbieri, Armenio lo gan\u00f3 en el final y es puntero"},"content":{"rendered":"<p>Fue 1 a 0 la victoria del \u201cTricolor\u201d sobre Sportivo Italiano por la 13\u00b0 fecha del Clausura de la Primera B Metropolitana. Con 26 puntos, alcanz\u00f3 a Colegiales en la cima de la tabla.<!--more--><\/p>\n<hr \/>\n<p><strong>Juan Ignacio Barbieri<\/strong> sigue pagando con goles su buen presente en la temporada y, en la tarde de este s\u00e1bado, sirvi\u00f3 para la ag\u00f3nica victoria del <strong>Deportivo Armenio<\/strong> en el Estadio Rep\u00fablica de Italia.<\/p>\n<p>&nbsp;<\/p>\n<p>Por la <strong>13\u00b0 fecha del Clausura<\/strong> de la B \u201cMetro\u201d,<strong> el \u201cTricolor\u201d le gan\u00f3 1 a 0 a Sportivo Italiano y es, moment\u00e1neamente, uno de los punteros del certamen con 26 puntos<\/strong>. Comparte lugar con Colegiales, que jugar\u00e1 el lunes ante Los Andes.<\/p>\n<p>&nbsp;<\/p>\n<p><strong>El delantero olavarriense, integrante del once titular para los de Tula, apareci\u00f3 con su cuota goleadora en el minuto 84\u2019 para romper con la monoton\u00eda del marcador en tablas.<\/strong><\/p>\n<p>&nbsp;<\/p>\n<p>Con este grito, <strong>\u201cJuani\u201d Barbieri lleg\u00f3 a los 15 en la temporada y se mantiene en la pelea de los m\u00e1ximos artilleros de la categor\u00eda<\/strong>. Est\u00e1 uno por debajo de Leonel Barrios, jugador de Excursionistas (16 goles).<\/p>\n<p>&nbsp;<\/p>\n<p>En la pr\u00f3xima fecha, Armenio buscar\u00e1 seguir con la racha positiva y recibir\u00e1 en su casa a Villa San Carlos, equipo donde milita el lateral olavarriense Sim\u00f3n Buscaglia.<\/p>\n<p>&nbsp;<\/p>\n<p><em><strong>Foto: Prensa Armenio.<\/strong><\/em><\/p>\n","protected":false},"excerpt":{"rendered":"<p>Fue 1 a 0 la victoria del \u201cTricolor\u201d sobre Sportivo Italiano por la 13\u00b0 fecha del Clausura de la Primera<\/p>\n","protected":false},"author":96739694,"featured_media":162649,"comment_status":"closed","ping_status":"closed","sticky":false,"template":"","format":"standard","meta":{"_jetpack_memberships_contains_paid_content":false,"footnotes":""},"categories":[37,1],"tags":[],"class_list":["post-136111","post","type-post","status-publish","format-standard","has-post-thumbnail","hentry","category-futbol-profesional","category-portada"],"jetpack_featured_media_url":"https:\/\/i0.wp.com\/cdnoticias.com\/wp-content\/uploads\/2024\/09\/Barbieri-Armenio-Clausura-B-Metro-fecha-13.jpeg?fit=1000%2C666&ssl=1","jetpack_sharing_enabled":true,"_links":{"self":[{"href":"https:\/\/cdnoticias.com\/index.php\/wp-json\/wp\/v2\/posts\/136111","targetHints":{"allow":["GET"]}}],"collection":[{"href":"https:\/\/cdnoticias.com\/index.php\/wp-json\/wp\/v2\/posts"}],"about":[{"href":"https:\/\/cdnoticias.com\/index.php\/wp-json\/wp\/v2\/types\/post"}],"author":[{"embeddable":true,"href":"https:\/\/cdnoticias.com\/index.php\/wp-json\/wp\/v2\/users\/96739694"}],"replies":[{"embeddable":true,"href":"https:\/\/cdnoticias.com\/index.php\/wp-json\/wp\/v2\/comments?post=136111"}],"version-history":[{"count":0,"href":"https:\/\/cdnoticias.com\/index.php\/wp-json\/wp\/v2\/posts\/136111\/revisions"}],"wp:featuredmedia":[{"embeddable":true,"href":"https:\/\/cdnoticias.com\/index.php\/wp-json\/wp\/v2\/media\/162649"}],"wp:attachment":[{"href":"https:\/\/cdnoticias.com\/index.php\/wp-json\/wp\/v2\/media?parent=136111"}],"wp:term":[{"taxonomy":"category","embeddable":true,"href":"https:\/\/cdnoticias.com\/index.php\/wp-json\/wp\/v2\/categories?post=136111"},{"taxonomy":"post_tag","embeddable":true,"href":"https:\/\/cdnoticias.com\/index.php\/wp-json\/wp\/v2\/tags?post=136111"}],"curies":[{"name":"wp","href":"https:\/\/api.w.org\/{rel}","templated":true}]}}