{"id":136110,"date":"2024-09-07T20:31:13","date_gmt":"2024-09-07T23:31:13","guid":{"rendered":"https:\/\/centraldeportes.com.ar\/?p=54822"},"modified":"2025-02-13T22:58:45","modified_gmt":"2025-02-14T01:58:45","slug":"las-selecciones-de-la-abo-festejaron-en-el-regional-u12","status":"publish","type":"post","link":"https:\/\/cdnoticias.com\/index.php\/2024\/09\/07\/las-selecciones-de-la-abo-festejaron-en-el-regional-u12\/","title":{"rendered":"Las selecciones de la ABO festejaron en el Regional U12"},"content":{"rendered":"<p>En la jornada de este s\u00e1bado se vivi\u00f3 una gran jornada de b\u00e1squet con la disputa de dos cuadrangulares reservados para la categor\u00eda U12.<!--more--><\/p>\n<hr \/>\n<p>Despu\u00e9s de extensas jornadas de planificaci\u00f3n y mucho trabajo, la Asociaci\u00f3n de B\u00e1squet de Olavarr\u00eda fue la anfitriona del Torneo Regional U12 para que las selecciones m\u00e1s peque\u00f1as sumen rodaje.<\/p>\n<p>&nbsp;<\/p>\n<p>Clubes de la Regi\u00f3n llegaron para la disputa de los cuadrangulares que se llevaron a cabo en los gimnasios de San Mart\u00edn y Ferro.<\/p>\n<p>&nbsp;<\/p>\n<p>[soliloquy id=&#8221;54824&#8243;]<\/p>\n<p>&nbsp;<\/p>\n<p>En lo que respecta a resultados, los equipos olavarrienses lograron consagrarse ganadores.<\/p>\n<p>&nbsp;<\/p>\n<p>Las posiciones:<\/p>\n<p>Caballeros:<br \/>\n1\u00b0 ABO<br \/>\n2\u00b0 Sarmiento<br \/>\n3\u00b0 9 de Julio (Bah\u00eda Blanca)<br \/>\n4\u00b0 Henderson<\/p>\n<p>Damas:<br \/>\n1\u00b0 ABO<br \/>\n2\u00b0 9 de Julio (Bah\u00eda Blanca)<br \/>\n3\u00b0 Club de Pelota (Tres Arroyos)<br \/>\n4\u00b0 Henderson<\/p>\n","protected":false},"excerpt":{"rendered":"<p>En la jornada de este s\u00e1bado se vivi\u00f3 una gran jornada de b\u00e1squet con la disputa de dos cuadrangulares reservados<\/p>\n","protected":false},"author":96739694,"featured_media":162652,"comment_status":"closed","ping_status":"closed","sticky":false,"template":"","format":"standard","meta":{"_jetpack_memberships_contains_paid_content":false,"footnotes":""},"categories":[31,44,1],"tags":[],"class_list":["post-136110","post","type-post","status-publish","format-standard","has-post-thumbnail","hentry","category-basquet","category-inferiores-basquet","category-portada"],"jetpack_featured_media_url":"https:\/\/i0.wp.com\/cdnoticias.com\/wp-content\/uploads\/2024\/09\/regional-u12-2.jpg?fit=1280%2C853&ssl=1","jetpack_sharing_enabled":true,"_links":{"self":[{"href":"https:\/\/cdnoticias.com\/index.php\/wp-json\/wp\/v2\/posts\/136110","targetHints":{"allow":["GET"]}}],"collection":[{"href":"https:\/\/cdnoticias.com\/index.php\/wp-json\/wp\/v2\/posts"}],"about":[{"href":"https:\/\/cdnoticias.com\/index.php\/wp-json\/wp\/v2\/types\/post"}],"author":[{"embeddable":true,"href":"https:\/\/cdnoticias.com\/index.php\/wp-json\/wp\/v2\/users\/96739694"}],"replies":[{"embeddable":true,"href":"https:\/\/cdnoticias.com\/index.php\/wp-json\/wp\/v2\/comments?post=136110"}],"version-history":[{"count":0,"href":"https:\/\/cdnoticias.com\/index.php\/wp-json\/wp\/v2\/posts\/136110\/revisions"}],"wp:featuredmedia":[{"embeddable":true,"href":"https:\/\/cdnoticias.com\/index.php\/wp-json\/wp\/v2\/media\/162652"}],"wp:attachment":[{"href":"https:\/\/cdnoticias.com\/index.php\/wp-json\/wp\/v2\/media?parent=136110"}],"wp:term":[{"taxonomy":"category","embeddable":true,"href":"https:\/\/cdnoticias.com\/index.php\/wp-json\/wp\/v2\/categories?post=136110"},{"taxonomy":"post_tag","embeddable":true,"href":"https:\/\/cdnoticias.com\/index.php\/wp-json\/wp\/v2\/tags?post=136110"}],"curies":[{"name":"wp","href":"https:\/\/api.w.org\/{rel}","templated":true}]}}