{"id":136107,"date":"2024-09-07T12:42:37","date_gmt":"2024-09-07T15:42:37","guid":{"rendered":"https:\/\/centraldeportes.com.ar\/?p=54784"},"modified":"2025-02-13T22:58:47","modified_gmt":"2025-02-14T01:58:47","slug":"mauricio-cardillo-fue-presentado-en-la-lepra-mendocina","status":"publish","type":"post","link":"https:\/\/cdnoticias.com\/index.php\/2024\/09\/07\/mauricio-cardillo-fue-presentado-en-la-lepra-mendocina\/","title":{"rendered":"Mauricio Cardillo fue presentado en la \u201cLepra\u201d mendocina"},"content":{"rendered":"\n<div class=\"wp-block-group is-layout-constrained wp-block-group-is-layout-constrained\">\n<p>El volante olavarriense firm\u00f3 contrato hasta diciembre de 2025. Lleg\u00f3 proveniente de Lan\u00fas.<!--more--><\/p>\n<hr \/>\n<p>Surgido del Club Embajadores, <strong>Mauricio Cardillo se convirti\u00f3 en nueva incorporaci\u00f3n de Independiente Rivadavia de Mendoza<\/strong> y este \u00faltimo mi\u00e9rcoles fue presentado de manera oficial por la instituci\u00f3n.<\/p>\n<p>\u00a0<\/p>\n<p>El olavarriense<strong> firm\u00f3 su v\u00ednculo con la \u201cLepra\u201d hasta diciembre de 2025<\/strong>. Adem\u00e1s, el acuerdo incluy\u00f3 la <strong>adquisici\u00f3n del 50% del pase<\/strong> por parte de la entidad mendocina.<\/p>\n<p>\u00a0<\/p>\n<p><blockquote class=\"twitter-tweet\" data-width=\"550\" data-dnt=\"true\"><p lang=\"es\" dir=\"ltr\">\ud83d\udd35 \u00a1Sumamos un nuevo refuerzo!<br>Bienvenido Mauricio \ud83d\udcaa<a href=\"https:\/\/twitter.com\/hashtag\/ArribaLaLepra?src=hash&amp;ref_src=twsrc%5Etfw\">#ArribaLaLepra<\/a> <a href=\"https:\/\/twitter.com\/hashtag\/TodosJuntos?src=hash&amp;ref_src=twsrc%5Etfw\">#TodosJuntos<\/a> <a href=\"https:\/\/t.co\/XYvPNl1yn6\">pic.twitter.com\/XYvPNl1yn6<\/a><\/p>&mdash; Independiente Rivadavia (@CSIRoficial) <a href=\"https:\/\/twitter.com\/CSIRoficial\/status\/1831394594153775459?ref_src=twsrc%5Etfw\">September 4, 2024<\/a><\/blockquote><script async src=\"https:\/\/platform.twitter.com\/widgets.js\" charset=\"utf-8\"><\/script><\/p>\n<p>\u00a0<\/p>\n<p><strong>Cardillo lleg\u00f3 proveniente de la Divisi\u00f3n Reserva de Lan\u00fas<\/strong>, equipo donde logr\u00f3 el<a href=\"https:\/\/cdnoticias.com\/reserva-afa-lanus-con-cardillo-quedo-al-margen-de-la-coronacion\/\"> subcampeonato<\/a> durante el primer semestre.<\/p>\n<p>\u00a0<\/p>\n<p><strong>Se despidi\u00f3 del \u201cGranate\u201d con 64 partidos jugados y 14 goles.<\/strong><\/p>\n<p>\u00a0<\/p>\n<p><em><strong>Foto: Independiente Rivadavia Oficial.<\/strong><\/em><\/p>\n<\/div>\n","protected":false},"excerpt":{"rendered":"<p>El volante olavarriense firm\u00f3 contrato hasta diciembre de 2025. Lleg\u00f3 proveniente de Lan\u00fas. El volante olavarriense firm\u00f3 contrato hasta diciembre<\/p>\n","protected":false},"author":96739694,"featured_media":162657,"comment_status":"closed","ping_status":"closed","sticky":false,"template":"","format":"standard","meta":{"_jetpack_memberships_contains_paid_content":false,"footnotes":""},"categories":[37,1],"tags":[],"class_list":["post-136107","post","type-post","status-publish","format-standard","has-post-thumbnail","hentry","category-futbol-profesional","category-portada"],"jetpack_featured_media_url":"https:\/\/i0.wp.com\/cdnoticias.com\/wp-content\/uploads\/2024\/09\/Cardillo-Independiente-Rivadavia-e1725723697303.png?fit=1080%2C718&ssl=1","jetpack_sharing_enabled":true,"_links":{"self":[{"href":"https:\/\/cdnoticias.com\/index.php\/wp-json\/wp\/v2\/posts\/136107","targetHints":{"allow":["GET"]}}],"collection":[{"href":"https:\/\/cdnoticias.com\/index.php\/wp-json\/wp\/v2\/posts"}],"about":[{"href":"https:\/\/cdnoticias.com\/index.php\/wp-json\/wp\/v2\/types\/post"}],"author":[{"embeddable":true,"href":"https:\/\/cdnoticias.com\/index.php\/wp-json\/wp\/v2\/users\/96739694"}],"replies":[{"embeddable":true,"href":"https:\/\/cdnoticias.com\/index.php\/wp-json\/wp\/v2\/comments?post=136107"}],"version-history":[{"count":0,"href":"https:\/\/cdnoticias.com\/index.php\/wp-json\/wp\/v2\/posts\/136107\/revisions"}],"wp:featuredmedia":[{"embeddable":true,"href":"https:\/\/cdnoticias.com\/index.php\/wp-json\/wp\/v2\/media\/162657"}],"wp:attachment":[{"href":"https:\/\/cdnoticias.com\/index.php\/wp-json\/wp\/v2\/media?parent=136107"}],"wp:term":[{"taxonomy":"category","embeddable":true,"href":"https:\/\/cdnoticias.com\/index.php\/wp-json\/wp\/v2\/categories?post=136107"},{"taxonomy":"post_tag","embeddable":true,"href":"https:\/\/cdnoticias.com\/index.php\/wp-json\/wp\/v2\/tags?post=136107"}],"curies":[{"name":"wp","href":"https:\/\/api.w.org\/{rel}","templated":true}]}}