{"id":136105,"date":"2024-09-07T08:58:43","date_gmt":"2024-09-07T11:58:43","guid":{"rendered":"https:\/\/centraldeportes.com.ar\/?p=54777"},"modified":"2025-02-13T22:58:55","modified_gmt":"2025-02-14T01:58:55","slug":"racing-lo-perdio-en-el-final-y-se-quedo-sin-nada-ante-huracan","status":"publish","type":"post","link":"https:\/\/cdnoticias.com\/index.php\/2024\/09\/07\/racing-lo-perdio-en-el-final-y-se-quedo-sin-nada-ante-huracan\/","title":{"rendered":"Racing lo perdi\u00f3 en el final y se qued\u00f3 sin nada ante Hurac\u00e1n"},"content":{"rendered":"\n<div class=\"wp-block-group is-layout-constrained wp-block-group-is-layout-constrained\">\n<p>El \u201cChaira\u201d, que sigue sin conocer la victoria en la vigente edici\u00f3n del Torneo Pre-Federal, cay\u00f3 por un ajustado 59 a 57 ante el \u201cGlobo\u201d de Tres Arroyos en el Parque Olavarr\u00eda.<!--more--><\/p>\n<hr \/>\n<p>No viene f\u00e1cil el arranque de <strong>Racing<\/strong> en el certamen provincial. Quedando al margen con resultados cortos y ajustados, este viernes por la noche acumul\u00f3 su tercera ca\u00edda consecutiva. Dos en su casa, el gimnasio del Parque Olavarr\u00eda.<\/p>\n<p>\u00a0<\/p>\n<p>En tal reducto, recibi\u00f3 a <strong>Hurac\u00e1n de Tres Arroyos<\/strong> por la <strong>3\u00b0 fecha de la Zona Sur<\/strong> y se qued\u00f3 con las manos vac\u00edas en una de las \u00faltimas bolas del partido.<\/p>\n<p>\u00a0<\/p>\n<p><strong>Fue por un ajustado 59 a 57 la victoria del \u201cGlobo\u201d<\/strong>, con un doble de Ulises Otero a 26 segundos de la conclusi\u00f3n. Tanto Mart\u00edn Santana, antes de la acci\u00f3n rival, y Sim\u00f3n Silber, en el \u00faltimo tiro de tres puntos, tuvieron la carta del triunfo, pero fallaron en los respectivos tiros.<\/p>\n<p>\u00a0<\/p>\n<p>[soliloquy id=&#8221;54763&#8243;]<\/p>\n<p>\u00a0<\/p>\n<p>A pesar de la derrota, destacada noche tuvo <strong>Sebasti\u00e1n D\u2019Alessio<\/strong> en \u201cLa Estrellita\u201d con 22 unidades, seguido de <strong>Andr\u00e9s Ruiz<\/strong> con 12. En el elenco tresarroyense, <strong>Agust\u00edn Pedro<\/strong> fue el goleador con 18 puntos, secundado por <strong>Mat\u00edas Garc\u00eda<\/strong>, que anot\u00f3 14.<\/p>\n<p>\u00a0<\/p>\n<p>Con tiempo para recuperar piernas,<strong> el \u201cChaira\u201d ir\u00e1 por la recuperaci\u00f3n este domingo ante Club de Pelota en Tres Arroyos<\/strong>. El partido dar\u00e1 inicio a partir de las 20:30 horas.<\/p>\n<hr \/>\n<p><img data-recalc-dims=\"1\" loading=\"lazy\" decoding=\"async\" class=\"aligncenter size-full wp-image-54781\" src=\"https:\/\/i0.wp.com\/cdnoticias.com\/wp-content\/uploads\/2024\/09\/Pre-Federal-Zona-Sur-3%C2%B0-fecha-posiciones.png?resize=786%2C444&#038;ssl=1\" alt=\"\" width=\"786\" height=\"444\" \/><\/p>\n<hr \/>\n<p><strong>S\u00edntesis Racing \u2013 Hurac\u00e1n (Tres Arroyos): <\/strong><\/p>\n<p>Estadio: Parque Olavarr\u00eda.<\/p>\n<p>\u00c1rbitros: \u00c1lex Reyes y Sebasti\u00e1n Serantes.<\/p>\n<p><strong>Racing (57)<\/strong>: <strong>Santana, Mat. (11), Silber (0), D\u2019Alessio (22), Ruiz (12), Alonso (1) \u2013 FI \u2013 Baffo (2), V\u00e1zquez (2), D\u00edaz (2), Melo (5), Larregina (0). DT: Mat\u00edas Orlando.<\/strong><\/p>\n<p><strong>Hurac\u00e1n (59)<\/strong>: <strong>Otero (4), Mortensen (9), Falcone (6), Bayugar (6), Garc\u00eda (14) \u2013 FI \u2013 Rasmunssen (0), Pedro (18), Fanego (2). DT: Luis Beit\u00eda.<\/strong><\/p>\n<p>Parciales: 14 \u2013 5; 28 \u2013 26; 38 \u2013 46 y 57 \u2013 59.<\/p>\n<\/div>\n","protected":false},"excerpt":{"rendered":"<p>El \u201cChaira\u201d, que sigue sin conocer la victoria en la vigente edici\u00f3n del Torneo Pre-Federal, cay\u00f3 por un ajustado 59<\/p>\n","protected":false},"author":96739694,"featured_media":162662,"comment_status":"closed","ping_status":"closed","sticky":false,"template":"","format":"standard","meta":{"_jetpack_memberships_contains_paid_content":false,"footnotes":""},"categories":[31,1,60],"tags":[],"class_list":["post-136105","post","type-post","status-publish","format-standard","has-post-thumbnail","hentry","category-basquet","category-portada","category-torneo-pre-federal"],"jetpack_featured_media_url":"https:\/\/i0.wp.com\/cdnoticias.com\/wp-content\/uploads\/2024\/09\/rac-prefed-2.jpg?fit=1280%2C853&ssl=1","jetpack_sharing_enabled":true,"_links":{"self":[{"href":"https:\/\/cdnoticias.com\/index.php\/wp-json\/wp\/v2\/posts\/136105","targetHints":{"allow":["GET"]}}],"collection":[{"href":"https:\/\/cdnoticias.com\/index.php\/wp-json\/wp\/v2\/posts"}],"about":[{"href":"https:\/\/cdnoticias.com\/index.php\/wp-json\/wp\/v2\/types\/post"}],"author":[{"embeddable":true,"href":"https:\/\/cdnoticias.com\/index.php\/wp-json\/wp\/v2\/users\/96739694"}],"replies":[{"embeddable":true,"href":"https:\/\/cdnoticias.com\/index.php\/wp-json\/wp\/v2\/comments?post=136105"}],"version-history":[{"count":0,"href":"https:\/\/cdnoticias.com\/index.php\/wp-json\/wp\/v2\/posts\/136105\/revisions"}],"wp:featuredmedia":[{"embeddable":true,"href":"https:\/\/cdnoticias.com\/index.php\/wp-json\/wp\/v2\/media\/162662"}],"wp:attachment":[{"href":"https:\/\/cdnoticias.com\/index.php\/wp-json\/wp\/v2\/media?parent=136105"}],"wp:term":[{"taxonomy":"category","embeddable":true,"href":"https:\/\/cdnoticias.com\/index.php\/wp-json\/wp\/v2\/categories?post=136105"},{"taxonomy":"post_tag","embeddable":true,"href":"https:\/\/cdnoticias.com\/index.php\/wp-json\/wp\/v2\/tags?post=136105"}],"curies":[{"name":"wp","href":"https:\/\/api.w.org\/{rel}","templated":true}]}}