{"id":136099,"date":"2024-09-05T19:55:52","date_gmt":"2024-09-05T22:55:52","guid":{"rendered":"https:\/\/centraldeportes.com.ar\/?p=54733"},"modified":"2025-02-13T22:54:37","modified_gmt":"2025-02-14T01:54:37","slug":"deportivo-viedma-con-marina-inicio-la-pretemporada-2024-25","status":"publish","type":"post","link":"https:\/\/cdnoticias.com\/index.php\/2024\/09\/05\/deportivo-viedma-con-marina-inicio-la-pretemporada-2024-25\/","title":{"rendered":"Deportivo Viedma, con Marina, inici\u00f3 la pretemporada 2024\/25"},"content":{"rendered":"<p>De cara al comienzo de una nueva temporada en la Liga Argentina de B\u00e1squet, Deportivo Viedma comenz\u00f3 de manera oficial los trabajos de preparaci\u00f3n.<!--more--><\/p>\n<hr \/>\n<p>El conjunto rionegrino realiz\u00f3 la inauguraci\u00f3n de la pretemporada con el objetivo de volver a ser protagonista del torneo de segunda categor\u00eda del b\u00e1squet argentino.<\/p>\n<p>&nbsp;<\/p>\n<p>Durante la jornada, el presidente de la instituci\u00f3n, Fernando Casadei, junto al Secretario de Deporte de R\u00edo Negro, Nahuel Astutti, y el Legislador provincial Facundo L\u00f3pez, brindaron palabras de apoyo y acompa\u00f1amiento al cuerpo t\u00e9cnico y jugadores.<\/p>\n<p>&nbsp;<\/p>\n<p>Adem\u00e1s, en el Polideportivo Cayetano Arias estuvieron presentes dirigentes, socios, hinchas y familiares.<\/p>\n<p>&nbsp;<\/p>\n<p>Mariano Marina, que ya se encontraba en Viedma realizando pr\u00e1cticas con el equipo, volver\u00e1 a representar a la entidad en la Liga Argentina donde jugar\u00e1 la Conferencia Sur, Zona B.<\/p>\n","protected":false},"excerpt":{"rendered":"<p>De cara al comienzo de una nueva temporada en la Liga Argentina de B\u00e1squet, Deportivo Viedma comenz\u00f3 de manera oficial<\/p>\n","protected":false},"author":96739694,"featured_media":162549,"comment_status":"closed","ping_status":"closed","sticky":false,"template":"","format":"standard","meta":{"_jetpack_memberships_contains_paid_content":false,"footnotes":""},"categories":[31,32,1],"tags":[],"class_list":["post-136099","post","type-post","status-publish","format-standard","has-post-thumbnail","hentry","category-basquet","category-liga-argentina","category-portada"],"jetpack_featured_media_url":"https:\/\/i0.wp.com\/cdnoticias.com\/wp-content\/uploads\/2024\/09\/WhatsApp-Image-2024-09-02-at-23.07.50-e1725576947163.jpeg?fit=1600%2C853&ssl=1","jetpack_sharing_enabled":true,"_links":{"self":[{"href":"https:\/\/cdnoticias.com\/index.php\/wp-json\/wp\/v2\/posts\/136099","targetHints":{"allow":["GET"]}}],"collection":[{"href":"https:\/\/cdnoticias.com\/index.php\/wp-json\/wp\/v2\/posts"}],"about":[{"href":"https:\/\/cdnoticias.com\/index.php\/wp-json\/wp\/v2\/types\/post"}],"author":[{"embeddable":true,"href":"https:\/\/cdnoticias.com\/index.php\/wp-json\/wp\/v2\/users\/96739694"}],"replies":[{"embeddable":true,"href":"https:\/\/cdnoticias.com\/index.php\/wp-json\/wp\/v2\/comments?post=136099"}],"version-history":[{"count":0,"href":"https:\/\/cdnoticias.com\/index.php\/wp-json\/wp\/v2\/posts\/136099\/revisions"}],"wp:featuredmedia":[{"embeddable":true,"href":"https:\/\/cdnoticias.com\/index.php\/wp-json\/wp\/v2\/media\/162549"}],"wp:attachment":[{"href":"https:\/\/cdnoticias.com\/index.php\/wp-json\/wp\/v2\/media?parent=136099"}],"wp:term":[{"taxonomy":"category","embeddable":true,"href":"https:\/\/cdnoticias.com\/index.php\/wp-json\/wp\/v2\/categories?post=136099"},{"taxonomy":"post_tag","embeddable":true,"href":"https:\/\/cdnoticias.com\/index.php\/wp-json\/wp\/v2\/tags?post=136099"}],"curies":[{"name":"wp","href":"https:\/\/api.w.org\/{rel}","templated":true}]}}