{"id":136096,"date":"2024-09-05T16:21:20","date_gmt":"2024-09-05T19:21:20","guid":{"rendered":"https:\/\/centraldeportes.com.ar\/?p=54723"},"modified":"2025-02-13T22:54:42","modified_gmt":"2025-02-14T01:54:42","slug":"agustin-vernice-que-la-calle-lleve-mi-nombre-es-un-orgullo","status":"publish","type":"post","link":"https:\/\/cdnoticias.com\/index.php\/2024\/09\/05\/agustin-vernice-que-la-calle-lleve-mi-nombre-es-un-orgullo\/","title":{"rendered":"Agust\u00edn Vernice: \u201cQue la calle lleve mi nombre es un orgullo\u201d"},"content":{"rendered":"<p>Emocionado y feliz, Agust\u00edn Vernice habl\u00f3 en conferencia de prensa luego de que se bautizara la avenida central del Parque Guerrero en su honor.<!--more--><\/p>\n<hr \/>\n<p>En instalaciones del Parque Guerrero, Agust\u00edn Vernice habl\u00f3 de lo que signific\u00f3 el <a href=\"https:\/\/cdnoticias.com\/olavarria-recibio-a-agustin-vernice-y-tuvo-su-homenaje\/\">recibimiento<\/a> y de lo que viene en su carrera.<\/p>\n<p>&nbsp;<\/p>\n<p>\u201c<em>Hoy estoy muy agradecido del cari\u00f1o que recibo y me hace sentir muy feliz este honor, la verdad que por el Club pasaron muchas personas importantes y que la calle lleve mi nombre me llena de orgullo<\/em>\u201d, fueron las primeras palabras de Vernice ante la prensa.<\/p>\n<p>&nbsp;<\/p>\n<p>El palista que logr\u00f3 el mejor resultado de la historia del pa\u00eds en un Juego Ol\u00edmpico tambi\u00e9n cont\u00f3 c\u00f3mo fue su actuaci\u00f3n en Par\u00eds: \u201c<em>Hab\u00eda dos caminos, uno el ponerme nervioso y el otro usarlo a mi favor. Todo lo que tiene que ver con mi familia a mi emocionalmente me mueve y lo ten\u00eda que usar a mi favor, as\u00ed que asum\u00ed que iban a estar en la tribuna<\/em>\u201d.<\/p>\n<p>&nbsp;<\/p>\n<p>\u201c<em>Todas las reflexiones, miedos y an\u00e1lisis internos que hago las noches previas a competir, nunca me las olvido y las respuestas a eso me hace aprender de m\u00ed mismo que es bueno. Obviamente en un Juego Ol\u00edmpico es distinto y a m\u00ed me gusta encontrar en otros deportistas los puntos en com\u00fan entre cada uno y eso es como que te traza el camino. En los JJOO ves pasi\u00f3n, ves compromiso<\/em>\u201d asegur\u00f3 Vernice.<\/p>\n<p>&nbsp;<\/p>\n<p>El olavarriense tambi\u00e9n tuvo tiempo en analizar su actuaci\u00f3n y lo que llev\u00f3 a ubicarse en el cuarto puesto de la Final A: \u201c<em>En el caso de ahora de los Juegos empezaba a pensar de los pa\u00edses que quedaron detr\u00e1s de m\u00ed. Algunos deportistas que por ah\u00ed yo miraba y ahora eso me invita a so\u00f1ar. Por supuesto tambi\u00e9n trabaj\u00e9 much\u00edsimo para lograr esto y tambi\u00e9n cre\u00ed que pod\u00eda lograrlo<\/em>\u201d.<\/p>\n<p>&nbsp;<\/p>\n<p>Por \u00faltimo, de cara a lo que viene en el largo plazo, Vernice sostuvo: \u201c<em>Voy ir a Los \u00c1ngeles, sabiendo que puedo ir y ganar una medalla o que puedo quedar afuera de la final A o B. Lo he visto en colegas de gran jerarqu\u00eda<\/em>\u201d.<\/p>\n<p>&nbsp;<\/p>\n<p>\u201c<em>Los Juegos Ol\u00edmpicos ahora son el horizonte, pero si lo miro me puedo tropezar, entonces mi manera y mi motivaci\u00f3n es concentrarme el 100% en lo que tengo que hacer hoy y en la pr\u00f3xima competencia. Por eso, si la planificaci\u00f3n es correcta me va a llevar a donde me tiene que llevar sin tener que estar mirando los JJOO<\/em>\u201d, sentenci\u00f3 Vernice luego de regresar a Olavarr\u00eda con la mejor actuaci\u00f3n de un palista nacional en la m\u00e1xima cita del deporte mundial.<\/p>\n","protected":false},"excerpt":{"rendered":"<p>Emocionado y feliz, Agust\u00edn Vernice habl\u00f3 en conferencia de prensa luego de que se bautizara la avenida central del Parque<\/p>\n","protected":false},"author":96739694,"featured_media":162555,"comment_status":"closed","ping_status":"closed","sticky":false,"template":"","format":"standard","meta":{"_jetpack_memberships_contains_paid_content":false,"footnotes":""},"categories":[30,1],"tags":[],"class_list":["post-136096","post","type-post","status-publish","format-standard","has-post-thumbnail","hentry","category-polideportivo","category-portada"],"jetpack_featured_media_url":"https:\/\/i0.wp.com\/cdnoticias.com\/wp-content\/uploads\/2024\/09\/vernice-5.jpg?fit=1280%2C853&ssl=1","jetpack_sharing_enabled":true,"_links":{"self":[{"href":"https:\/\/cdnoticias.com\/index.php\/wp-json\/wp\/v2\/posts\/136096","targetHints":{"allow":["GET"]}}],"collection":[{"href":"https:\/\/cdnoticias.com\/index.php\/wp-json\/wp\/v2\/posts"}],"about":[{"href":"https:\/\/cdnoticias.com\/index.php\/wp-json\/wp\/v2\/types\/post"}],"author":[{"embeddable":true,"href":"https:\/\/cdnoticias.com\/index.php\/wp-json\/wp\/v2\/users\/96739694"}],"replies":[{"embeddable":true,"href":"https:\/\/cdnoticias.com\/index.php\/wp-json\/wp\/v2\/comments?post=136096"}],"version-history":[{"count":0,"href":"https:\/\/cdnoticias.com\/index.php\/wp-json\/wp\/v2\/posts\/136096\/revisions"}],"wp:featuredmedia":[{"embeddable":true,"href":"https:\/\/cdnoticias.com\/index.php\/wp-json\/wp\/v2\/media\/162555"}],"wp:attachment":[{"href":"https:\/\/cdnoticias.com\/index.php\/wp-json\/wp\/v2\/media?parent=136096"}],"wp:term":[{"taxonomy":"category","embeddable":true,"href":"https:\/\/cdnoticias.com\/index.php\/wp-json\/wp\/v2\/categories?post=136096"},{"taxonomy":"post_tag","embeddable":true,"href":"https:\/\/cdnoticias.com\/index.php\/wp-json\/wp\/v2\/tags?post=136096"}],"curies":[{"name":"wp","href":"https:\/\/api.w.org\/{rel}","templated":true}]}}