{"id":136092,"date":"2024-09-04T21:45:54","date_gmt":"2024-09-05T00:45:54","guid":{"rendered":"https:\/\/centraldeportes.com.ar\/?p=54693"},"modified":"2024-09-04T21:45:54","modified_gmt":"2024-09-05T00:45:54","slug":"olavarria-recibio-a-agustin-vernice-y-tuvo-su-homenaje-2","status":"publish","type":"post","link":"https:\/\/cdnoticias.com\/index.php\/2024\/09\/04\/olavarria-recibio-a-agustin-vernice-y-tuvo-su-homenaje-2\/","title":{"rendered":"Olavarr\u00eda recibi\u00f3 a Agust\u00edn Vernice y tuvo su homenaje"},"content":{"rendered":"<p>Agust\u00edn Vernice regres\u00f3 a Olavarr\u00eda tras su actuaci\u00f3n en los Juegos Ol\u00edmpicos y fue homenajeado en la avenida principal del Parque Guerrero que pas\u00f3 a llamarse en su honor.<!--more--><\/p>\n<hr \/>\n<p>A pesar de la fr\u00eda tarde-noche del mi\u00e9rcoles, y tras conseguir el cuarto puesto en los Juegos Ol\u00edmpicos de Par\u00eds y unas merecidas vacaciones, Agust\u00edn Vernice lleg\u00f3 a la Ciudad y recibi\u00f3 su merecido homenaje.<\/p>\n<p>&nbsp;<\/p>\n<p>La ceremonia se llev\u00f3 a cabo en la avenida central del club Estudiantes donde se hicieron presentes el intendente Maximiliano Wesner, autoridades de la Uni\u00f3n de Clubes, la Comisi\u00f3n Directiva del club que lo vio nacer, deportistas de diversas instituciones, el grupo Ola Rosa y p\u00fablico en general para mostrar su distinci\u00f3n para el mejor palista de la historia argentina.<\/p>\n<p>&nbsp;<\/p>\n<p>[soliloquy id=&#8221;54695&#8243;]<\/p>\n<p>&nbsp;<\/p>\n<p>El olavarriense se tom\u00f3 unos largos minutos para hablar con los presentes, cont\u00f3 su experiencia, le dio mensajes a chicos y chicas en formaci\u00f3n y tambi\u00e9n se tom\u00f3 el tiempo de darle un sentido mensaje de agradecimiento a la familia.<\/p>\n<p>&nbsp;<\/p>\n<p>Por \u00faltimo, y ya sin luz natural, la avenida central del Parque Guerrero pas\u00f3 a llamarse Agust\u00edn Vernice y un cartel nomenclador as\u00ed lo indica para marcar un antes y un despu\u00e9s en la historia del \u201cBataraz\u201d.<\/p>\n","protected":false},"excerpt":{"rendered":"<p>Agust\u00edn Vernice regres\u00f3 a Olavarr\u00eda tras su actuaci\u00f3n en los Juegos Ol\u00edmpicos y fue homenajeado en la avenida principal del<\/p>\n","protected":false},"author":96739695,"featured_media":54700,"comment_status":"closed","ping_status":"closed","sticky":false,"template":"","format":"standard","meta":{"_jetpack_memberships_contains_paid_content":false,"footnotes":""},"categories":[30,1],"tags":[],"class_list":["post-136092","post","type-post","status-publish","format-standard","has-post-thumbnail","hentry","category-polideportivo","category-portada"],"jetpack_featured_media_url":"https:\/\/i0.wp.com\/cdnoticias.com\/wp-content\/uploads\/2022\/05\/WhatsApp-Image-2022-05-14-at-6.26.26-PM.jpeg?fit=1200%2C1600&ssl=1","jetpack_sharing_enabled":true,"_links":{"self":[{"href":"https:\/\/cdnoticias.com\/index.php\/wp-json\/wp\/v2\/posts\/136092","targetHints":{"allow":["GET"]}}],"collection":[{"href":"https:\/\/cdnoticias.com\/index.php\/wp-json\/wp\/v2\/posts"}],"about":[{"href":"https:\/\/cdnoticias.com\/index.php\/wp-json\/wp\/v2\/types\/post"}],"author":[{"embeddable":true,"href":"https:\/\/cdnoticias.com\/index.php\/wp-json\/wp\/v2\/users\/96739695"}],"replies":[{"embeddable":true,"href":"https:\/\/cdnoticias.com\/index.php\/wp-json\/wp\/v2\/comments?post=136092"}],"version-history":[{"count":0,"href":"https:\/\/cdnoticias.com\/index.php\/wp-json\/wp\/v2\/posts\/136092\/revisions"}],"wp:featuredmedia":[{"embeddable":true,"href":"https:\/\/cdnoticias.com\/index.php\/wp-json\/wp\/v2\/media\/54700"}],"wp:attachment":[{"href":"https:\/\/cdnoticias.com\/index.php\/wp-json\/wp\/v2\/media?parent=136092"}],"wp:term":[{"taxonomy":"category","embeddable":true,"href":"https:\/\/cdnoticias.com\/index.php\/wp-json\/wp\/v2\/categories?post=136092"},{"taxonomy":"post_tag","embeddable":true,"href":"https:\/\/cdnoticias.com\/index.php\/wp-json\/wp\/v2\/tags?post=136092"}],"curies":[{"name":"wp","href":"https:\/\/api.w.org\/{rel}","templated":true}]}}